{"id":107333,"date":"2024-04-11T17:48:26","date_gmt":"2024-04-11T20:48:26","guid":{"rendered":"https:\/\/blogdoedvaldomagalhaes.com.br\/?p=107333"},"modified":"2024-04-11T17:48:27","modified_gmt":"2024-04-11T20:48:27","slug":"servidores-municipais-de-caruaru-decretam-estado-de-greve","status":"publish","type":"post","link":"https:\/\/blogdoedvaldomagalhaes.com.br\/index.php\/2024\/04\/11\/servidores-municipais-de-caruaru-decretam-estado-de-greve\/","title":{"rendered":"Servidores municipais de Caruaru decretam estado de greve"},"content":{"rendered":"<p>O SISMUC Regional Caruaru (Sindicato dos Servidores P\u00fablicos de Caruaru e Regi\u00e3o) realizou mais uma assembleia nesta quinta-feira, 11 de abril e decidiu pelo estado de greve. A decis\u00e3o foi em conjunto com os servidores das seguintes categorias: lactaristas e auxiliares, auxiliares de educa\u00e7\u00e3o, monitores de transporte escolar, apoio escolar, merendeiras e auxiliares, motoristas, porteiros, entre outros.<\/p>\n<p>O Sismuc refor\u00e7ou as principais pautas de reivindica\u00e7\u00e3o das categorias: falta de di\u00e1logo com a atual gest\u00e3o, pois este demorou para acontecer, e quando aconteceu n\u00e3o foi concluso e deixou de existir h\u00e1 um tempo. Plano de Cargos, Carreiras e Remunera\u00e7\u00e3o (PCCR), desses profissionais com impacto na carreira, e ainda a volta dos 5% dado no ano passado, 2023 e retirado neste com a atualiza\u00e7\u00e3o do sal\u00e1rio m\u00ednimo. <\/p>\n<p>No ato foi decidida uma nova assembleia para a pr\u00f3xima semana. O SISMUC, vai encaminhar um novo of\u00edcio para a prefeitura de Caruaru informando as delibera\u00e7\u00f5es das categorias.<br \/>\nFoto: N\u00fabia Silva\/Assessora<\/p>\n<p>Seja seguidor do Instagram do Blog @blogdoedvaldomagalhaes<\/p>\n","protected":false},"excerpt":{"rendered":"<p>O SISMUC Regional Caruaru (Sindicato dos Servidores P\u00fablicos de Caruaru e Regi\u00e3o) realizou mais uma assembleia nesta quinta-feira, 11 de&hellip;<\/p>\n","protected":false},"author":1,"featured_media":107334,"comment_status":"closed","ping_status":"open","sticky":false,"template":"","format":"standard","meta":{"footnotes":""},"categories":[14120],"tags":[29440,2,28801,3406,30218],"class_list":["post-107333","post","type-post","status-publish","format-standard","has-post-thumbnail","hentry","category-noticias","tag-blog-com-mais-visualizacao","tag-blog-do-edvaldo-magalhaes","tag-blog-mais-acessado","tag-caruaru","tag-servidores-municipais-de-caruaru-decretam-estado-de-greve"],"_links":{"self":[{"href":"https:\/\/blogdoedvaldomagalhaes.com.br\/index.php\/wp-json\/wp\/v2\/posts\/107333","targetHints":{"allow":["GET"]}}],"collection":[{"href":"https:\/\/blogdoedvaldomagalhaes.com.br\/index.php\/wp-json\/wp\/v2\/posts"}],"about":[{"href":"https:\/\/blogdoedvaldomagalhaes.com.br\/index.php\/wp-json\/wp\/v2\/types\/post"}],"author":[{"embeddable":true,"href":"https:\/\/blogdoedvaldomagalhaes.com.br\/index.php\/wp-json\/wp\/v2\/users\/1"}],"replies":[{"embeddable":true,"href":"https:\/\/blogdoedvaldomagalhaes.com.br\/index.php\/wp-json\/wp\/v2\/comments?post=107333"}],"version-history":[{"count":1,"href":"https:\/\/blogdoedvaldomagalhaes.com.br\/index.php\/wp-json\/wp\/v2\/posts\/107333\/revisions"}],"predecessor-version":[{"id":107335,"href":"https:\/\/blogdoedvaldomagalhaes.com.br\/index.php\/wp-json\/wp\/v2\/posts\/107333\/revisions\/107335"}],"wp:featuredmedia":[{"embeddable":true,"href":"https:\/\/blogdoedvaldomagalhaes.com.br\/index.php\/wp-json\/wp\/v2\/media\/107334"}],"wp:attachment":[{"href":"https:\/\/blogdoedvaldomagalhaes.com.br\/index.php\/wp-json\/wp\/v2\/media?parent=107333"}],"wp:term":[{"taxonomy":"category","embeddable":true,"href":"https:\/\/blogdoedvaldomagalhaes.com.br\/index.php\/wp-json\/wp\/v2\/categories?post=107333"},{"taxonomy":"post_tag","embeddable":true,"href":"https:\/\/blogdoedvaldomagalhaes.com.br\/index.php\/wp-json\/wp\/v2\/tags?post=107333"}],"curies":[{"name":"wp","href":"https:\/\/api.w.org\/{rel}","templated":true}]}}