{"id":107330,"date":"2024-04-11T17:36:40","date_gmt":"2024-04-11T20:36:40","guid":{"rendered":"https:\/\/blogdoedvaldomagalhaes.com.br\/?p=107330"},"modified":"2024-04-11T17:36:41","modified_gmt":"2024-04-11T20:36:41","slug":"motociclista-se-envolve-em-colisao-com-onibus-e-e-resgatado-de-helicoptero","status":"publish","type":"post","link":"https:\/\/blogdoedvaldomagalhaes.com.br\/index.php\/2024\/04\/11\/motociclista-se-envolve-em-colisao-com-onibus-e-e-resgatado-de-helicoptero\/","title":{"rendered":"Motociclista se envolve em colis\u00e3o com \u00f4nibus e \u00e9 resgatado de helic\u00f3ptero"},"content":{"rendered":"<p>Um motociclista foi resgatado de helic\u00f3ptero, nesta quinta-feira (11), ap\u00f3s se envolver em uma colis\u00e3o com um \u00f4nibus no munic\u00edpio de Camaragibe, na Regi\u00e3o Metropolitana do Recife. O homem foi transportado de urg\u00eancia pela equipe aerom\u00e9dica da Pol\u00edcia Rodovi\u00e1ria Federal (PRF) e SAMU Metropolitano Recife.<\/p>\n<p>Por volta do meio-dia, a central de regula\u00e7\u00e3o do SAMU acionou a Base A\u00e9rea do Recife, ap\u00f3s receber informa\u00e7\u00f5es de que o condutor de uma moto estava em estado grave, devido a uma colis\u00e3o de tr\u00e2nsito. Ao chegar no local, a equipe m\u00e9dica e o Corpo de Bombeiros realizaram o atendimento pr\u00e9-hospitalar e constataram um grave ferimento na perna da v\u00edtima, que estava inconsciente.<\/p>\n<p>O motociclista foi transportado de aeronave at\u00e9 o Campo do Derby, de onde seguiu de ambul\u00e2ncia para receber atendimento no Hospital da Restaura\u00e7\u00e3o, no Recife.<br \/>\nFoto: Divulga\u00e7\u00e3o\/PRF<\/p>\n<p>Seja seguidor do Instagram do Blog @blogdoedvaldomagalhaes<\/p>\n","protected":false},"excerpt":{"rendered":"<p>Um motociclista foi resgatado de helic\u00f3ptero, nesta quinta-feira (11), ap\u00f3s se envolver em uma colis\u00e3o com um \u00f4nibus no munic\u00edpio&hellip;<\/p>\n","protected":false},"author":1,"featured_media":107331,"comment_status":"closed","ping_status":"open","sticky":false,"template":"","format":"standard","meta":{"footnotes":""},"categories":[14121],"tags":[29440,2,28801,3406,30217],"class_list":["post-107330","post","type-post","status-publish","format-standard","has-post-thumbnail","hentry","category-policial","tag-blog-com-mais-visualizacao","tag-blog-do-edvaldo-magalhaes","tag-blog-mais-acessado","tag-caruaru","tag-motociclista-se-envolve-em-colisao-com-onibus-e-e-resgatado-de-helicoptero-em-camaragibe"],"_links":{"self":[{"href":"https:\/\/blogdoedvaldomagalhaes.com.br\/index.php\/wp-json\/wp\/v2\/posts\/107330","targetHints":{"allow":["GET"]}}],"collection":[{"href":"https:\/\/blogdoedvaldomagalhaes.com.br\/index.php\/wp-json\/wp\/v2\/posts"}],"about":[{"href":"https:\/\/blogdoedvaldomagalhaes.com.br\/index.php\/wp-json\/wp\/v2\/types\/post"}],"author":[{"embeddable":true,"href":"https:\/\/blogdoedvaldomagalhaes.com.br\/index.php\/wp-json\/wp\/v2\/users\/1"}],"replies":[{"embeddable":true,"href":"https:\/\/blogdoedvaldomagalhaes.com.br\/index.php\/wp-json\/wp\/v2\/comments?post=107330"}],"version-history":[{"count":1,"href":"https:\/\/blogdoedvaldomagalhaes.com.br\/index.php\/wp-json\/wp\/v2\/posts\/107330\/revisions"}],"predecessor-version":[{"id":107332,"href":"https:\/\/blogdoedvaldomagalhaes.com.br\/index.php\/wp-json\/wp\/v2\/posts\/107330\/revisions\/107332"}],"wp:featuredmedia":[{"embeddable":true,"href":"https:\/\/blogdoedvaldomagalhaes.com.br\/index.php\/wp-json\/wp\/v2\/media\/107331"}],"wp:attachment":[{"href":"https:\/\/blogdoedvaldomagalhaes.com.br\/index.php\/wp-json\/wp\/v2\/media?parent=107330"}],"wp:term":[{"taxonomy":"category","embeddable":true,"href":"https:\/\/blogdoedvaldomagalhaes.com.br\/index.php\/wp-json\/wp\/v2\/categories?post=107330"},{"taxonomy":"post_tag","embeddable":true,"href":"https:\/\/blogdoedvaldomagalhaes.com.br\/index.php\/wp-json\/wp\/v2\/tags?post=107330"}],"curies":[{"name":"wp","href":"https:\/\/api.w.org\/{rel}","templated":true}]}}