{"id":107327,"date":"2024-04-11T17:31:35","date_gmt":"2024-04-11T20:31:35","guid":{"rendered":"https:\/\/blogdoedvaldomagalhaes.com.br\/?p=107327"},"modified":"2024-04-11T17:31:36","modified_gmt":"2024-04-11T20:31:36","slug":"vereador-jorge-quintino-solicita-destinacao-de-casas-populares-aos-ocupantes-da-cagep-em-caruaru","status":"publish","type":"post","link":"https:\/\/blogdoedvaldomagalhaes.com.br\/index.php\/2024\/04\/11\/vereador-jorge-quintino-solicita-destinacao-de-casas-populares-aos-ocupantes-da-cagep-em-caruaru\/","title":{"rendered":"Vereador Jorge Quintino solicita Destina\u00e7\u00e3o de Casas Populares aos Ocupantes da CAGEP em Caruaru"},"content":{"rendered":"<p>O Vereador Jorge Quintino, apresentou uma solicita\u00e7\u00e3o \u00e0 Governadora do Estado de Pernambuco, Sra. Raquel Lyra, em prol dos ocupantes da Companhia de Armaz\u00e9ns Gerais do Estado de Pernambuco (CAGEP) em Caruaru. A proposta visa destinar casas populares aos residentes da referida \u00e1rea.<\/p>\n<p>Atualmente, a CAGEP tem sido ocupada por diversas pessoas em situa\u00e7\u00e3o de vulnerabilidade social, o que compromete a sua estrutura, originalmente destinada ao armazenamento. Consciente da inadequa\u00e7\u00e3o do local para abrigar de forma digna essa popula\u00e7\u00e3o, o vereador Jorge Quintino prop\u00f5e que os ocupantes sejam devidamente cadastrados e, posteriormente, contemplados com moradias populares.<\/p>\n<p>O apelo desta indica\u00e7\u00e3o \u00e9 fundamentado no princ\u00edpio do direito \u00e0 moradia, que transcende a simples quest\u00e3o de um teto sobre a cabe\u00e7a. Trata-se do direito de cada indiv\u00edduo a um padr\u00e3o de vida adequado, que inclui acesso a um lar seguro, comunit\u00e1rio, e que proporcione dignidade e bem-estar f\u00edsico e mental.<\/p>\n<p>O Vereador Jorge Quintino destaca a import\u00e2ncia de garantir condi\u00e7\u00f5es m\u00ednimas de vida para todos os cidad\u00e3os, especialmente para aqueles que se encontram em situa\u00e7\u00f5es de maior vulnerabilidade. Garantir moradia digna destinando casas populares aos ocupantes da CAGEP \u00e9 um passo fundamental para assegurar uma vida mais saud\u00e1vel a essa parcela da sociedade, al\u00e9m de contribuir para reduzir o d\u00e9ficit habitacional do munic\u00edpio e estado. Foto: Vladimir Barreto <\/p>\n<p>Seja seguidor do Instagram do Blog @blogdoedvaldomagalhaes<\/p>\n","protected":false},"excerpt":{"rendered":"<p>O Vereador Jorge Quintino, apresentou uma solicita\u00e7\u00e3o \u00e0 Governadora do Estado de Pernambuco, Sra. Raquel Lyra, em prol dos ocupantes&hellip;<\/p>\n","protected":false},"author":1,"featured_media":107328,"comment_status":"closed","ping_status":"open","sticky":false,"template":"","format":"standard","meta":{"footnotes":""},"categories":[14122],"tags":[29440,2,28801,3406,20,30216],"class_list":["post-107327","post","type-post","status-publish","format-standard","has-post-thumbnail","hentry","category-politica","tag-blog-com-mais-visualizacao","tag-blog-do-edvaldo-magalhaes","tag-blog-mais-acessado","tag-caruaru","tag-politica","tag-vereador-jorge-quintino-solicita-destinacao-de-casas-populares-aos-ocupantes-da-cagep-em-caruaru"],"_links":{"self":[{"href":"https:\/\/blogdoedvaldomagalhaes.com.br\/index.php\/wp-json\/wp\/v2\/posts\/107327","targetHints":{"allow":["GET"]}}],"collection":[{"href":"https:\/\/blogdoedvaldomagalhaes.com.br\/index.php\/wp-json\/wp\/v2\/posts"}],"about":[{"href":"https:\/\/blogdoedvaldomagalhaes.com.br\/index.php\/wp-json\/wp\/v2\/types\/post"}],"author":[{"embeddable":true,"href":"https:\/\/blogdoedvaldomagalhaes.com.br\/index.php\/wp-json\/wp\/v2\/users\/1"}],"replies":[{"embeddable":true,"href":"https:\/\/blogdoedvaldomagalhaes.com.br\/index.php\/wp-json\/wp\/v2\/comments?post=107327"}],"version-history":[{"count":1,"href":"https:\/\/blogdoedvaldomagalhaes.com.br\/index.php\/wp-json\/wp\/v2\/posts\/107327\/revisions"}],"predecessor-version":[{"id":107329,"href":"https:\/\/blogdoedvaldomagalhaes.com.br\/index.php\/wp-json\/wp\/v2\/posts\/107327\/revisions\/107329"}],"wp:featuredmedia":[{"embeddable":true,"href":"https:\/\/blogdoedvaldomagalhaes.com.br\/index.php\/wp-json\/wp\/v2\/media\/107328"}],"wp:attachment":[{"href":"https:\/\/blogdoedvaldomagalhaes.com.br\/index.php\/wp-json\/wp\/v2\/media?parent=107327"}],"wp:term":[{"taxonomy":"category","embeddable":true,"href":"https:\/\/blogdoedvaldomagalhaes.com.br\/index.php\/wp-json\/wp\/v2\/categories?post=107327"},{"taxonomy":"post_tag","embeddable":true,"href":"https:\/\/blogdoedvaldomagalhaes.com.br\/index.php\/wp-json\/wp\/v2\/tags?post=107327"}],"curies":[{"name":"wp","href":"https:\/\/api.w.org\/{rel}","templated":true}]}}