{"id":107324,"date":"2024-04-11T17:25:24","date_gmt":"2024-04-11T20:25:24","guid":{"rendered":"https:\/\/blogdoedvaldomagalhaes.com.br\/?p=107324"},"modified":"2024-04-11T17:25:25","modified_gmt":"2024-04-11T20:25:25","slug":"anderson-correia-pede-solucoes-e-informacoes-a-neoenergia-sobre-o-problema-de-falta-de-energia-em-caruaru","status":"publish","type":"post","link":"https:\/\/blogdoedvaldomagalhaes.com.br\/index.php\/2024\/04\/11\/anderson-correia-pede-solucoes-e-informacoes-a-neoenergia-sobre-o-problema-de-falta-de-energia-em-caruaru\/","title":{"rendered":"Anderson Correia pede solu\u00e7\u00f5es e informa\u00e7\u00f5es \u00e0 Neoenergia sobre o problema de falta de energia em Caruaru"},"content":{"rendered":"<p>Caruaru tem passado por situa\u00e7\u00f5es adversas quanto ao fornecimento de energia para o munic\u00edpio, com muitas oscila\u00e7\u00f5es, quedas e falta do servi\u00e7o, de forma corriqueira, em diversas comunidades e bairros da Capital do Agreste. Assim, diversas den\u00fancias chegaram ao gabinete do vereador Anderson Correia, com a popula\u00e7\u00e3o pedindo ao parlamentar ajuda para levar a demanda para a Neoenergia.<\/p>\n<p>Anderson logo protocolou uma Indica\u00e7\u00e3o encaminhada para a empresa fornecedora do servi\u00e7o de energia el\u00e9trica, solicitando que sejam solucionados os problemas relacionados \u00e0 falta de energia nos \u00faltimos dias na cidade, al\u00e9m de solicitar informa\u00e7\u00f5es sobre a situa\u00e7\u00e3o, para dar uma resposta \u00e0 popula\u00e7\u00e3o, tudo em conformidade com art. 37, \u00a7 6\u00ba, da Constitui\u00e7\u00e3o Federal, que diz que \u00e9 objetiva a responsabilidade das pessoas jur\u00eddicas de direito privado prestadoras de servi\u00e7os p\u00fablicos, pelos danos causados a terceiros, com base na teoria do risco administrativo.<\/p>\n<p>\u201cMuitas pessoas nos procuraram nos \u00faltimos dias relatando que est\u00e3o sem energia em suas resid\u00eancias, com oscila\u00e7\u00f5es e outros problemas do tipo. Isso tem se tornado corriqueiro devido \u00e0s dificuldades que os moradores t\u00eam enfrentado sem energia el\u00e9trica, al\u00e9m de estarem com seus eletrodom\u00e9sticos com imin\u00eancia de queimarem ou danificarem, terem alimentos estragados e desperdi\u00e7ados sem refrigera\u00e7\u00e3o, e com idosos, crian\u00e7as e pessoas deficientes doentes que precisam da energia para procedimentos de tratamentos de sa\u00fade, entre outras tantas situa\u00e7\u00f5es. Por isso, j\u00e1 solicitamos provid\u00eancias junto \u00e0 Neoenergia e aguardamos urg\u00eancia nessa demanda\u201d, destacou Anderson.<br \/>\nFoto: Vladimir Barreto <\/p>\n<p>Seja seguidor do Instagram do Blog @blogdoedvaldomagalhaes<\/p>\n","protected":false},"excerpt":{"rendered":"<p>Caruaru tem passado por situa\u00e7\u00f5es adversas quanto ao fornecimento de energia para o munic\u00edpio, com muitas oscila\u00e7\u00f5es, quedas e falta&hellip;<\/p>\n","protected":false},"author":1,"featured_media":107325,"comment_status":"closed","ping_status":"open","sticky":false,"template":"","format":"standard","meta":{"footnotes":""},"categories":[14122],"tags":[30215,29440,2,28801,3406,20],"class_list":["post-107324","post","type-post","status-publish","format-standard","has-post-thumbnail","hentry","category-politica","tag-anderson-correia-pede-solucoes-e-informacoes-a-neoenergia-sobre-o-problema-de-falta-de-energia-em-caruaru","tag-blog-com-mais-visualizacao","tag-blog-do-edvaldo-magalhaes","tag-blog-mais-acessado","tag-caruaru","tag-politica"],"_links":{"self":[{"href":"https:\/\/blogdoedvaldomagalhaes.com.br\/index.php\/wp-json\/wp\/v2\/posts\/107324","targetHints":{"allow":["GET"]}}],"collection":[{"href":"https:\/\/blogdoedvaldomagalhaes.com.br\/index.php\/wp-json\/wp\/v2\/posts"}],"about":[{"href":"https:\/\/blogdoedvaldomagalhaes.com.br\/index.php\/wp-json\/wp\/v2\/types\/post"}],"author":[{"embeddable":true,"href":"https:\/\/blogdoedvaldomagalhaes.com.br\/index.php\/wp-json\/wp\/v2\/users\/1"}],"replies":[{"embeddable":true,"href":"https:\/\/blogdoedvaldomagalhaes.com.br\/index.php\/wp-json\/wp\/v2\/comments?post=107324"}],"version-history":[{"count":1,"href":"https:\/\/blogdoedvaldomagalhaes.com.br\/index.php\/wp-json\/wp\/v2\/posts\/107324\/revisions"}],"predecessor-version":[{"id":107326,"href":"https:\/\/blogdoedvaldomagalhaes.com.br\/index.php\/wp-json\/wp\/v2\/posts\/107324\/revisions\/107326"}],"wp:featuredmedia":[{"embeddable":true,"href":"https:\/\/blogdoedvaldomagalhaes.com.br\/index.php\/wp-json\/wp\/v2\/media\/107325"}],"wp:attachment":[{"href":"https:\/\/blogdoedvaldomagalhaes.com.br\/index.php\/wp-json\/wp\/v2\/media?parent=107324"}],"wp:term":[{"taxonomy":"category","embeddable":true,"href":"https:\/\/blogdoedvaldomagalhaes.com.br\/index.php\/wp-json\/wp\/v2\/categories?post=107324"},{"taxonomy":"post_tag","embeddable":true,"href":"https:\/\/blogdoedvaldomagalhaes.com.br\/index.php\/wp-json\/wp\/v2\/tags?post=107324"}],"curies":[{"name":"wp","href":"https:\/\/api.w.org\/{rel}","templated":true}]}}