{"id":107314,"date":"2024-04-11T11:27:57","date_gmt":"2024-04-11T14:27:57","guid":{"rendered":"https:\/\/blogdoedvaldomagalhaes.com.br\/?p=107314"},"modified":"2024-04-11T11:27:59","modified_gmt":"2024-04-11T14:27:59","slug":"transforma-caruaru-na-campanha-abril-laranja-de-prevencao-contra-a-crueldade-animal","status":"publish","type":"post","link":"https:\/\/blogdoedvaldomagalhaes.com.br\/index.php\/2024\/04\/11\/transforma-caruaru-na-campanha-abril-laranja-de-prevencao-contra-a-crueldade-animal\/","title":{"rendered":"Transforma Caruaru na campanha Abril Laranja de preven\u00e7\u00e3o contra a crueldade animal"},"content":{"rendered":"<p>Combater os maus-tratos e prevenir a crueldade contra os animais s\u00e3o pr\u00e1ticas que devemos exercer todos os dias, como um dever de toda a sociedade. Com o objetivo de conscientizar sobre os maus tratos e destacar que a crueldade \u00e9 crime, a campanha mundial \u201cAbril Laranja\u201d foi criada pela ASPCA (Sociedade Americana para a Preven\u00e7\u00e3o da Crueldade a Animais) para simbolizar esta luta, servindo como um meio importante para conscientizar as pessoas, usando como s\u00edmbolo um la\u00e7o de cor laranja.<\/p>\n<p>Na Capital do Agreste pernambucano, o Transforma Caruaru est\u00e1 engajado na campanha, junto com a Ame Anima e a Dog&#8217;s Family, somando for\u00e7as para promover uma campanha de conscientiza\u00e7\u00e3o e tamb\u00e9m arrecada\u00e7\u00e3o de ra\u00e7\u00e3o, caminhas, comedouros e roupas para c\u00e3es e gatos. Os locais para doa\u00e7\u00f5es s\u00e3o: o P\u00f3lo Caruaru, a Secretaria Municipal de Pol\u00edticas para Mulheres, a Dog&#8217;s Family, a Loja do bem e o Shopping Difusora.<\/p>\n<p>A campanha vai de 12 de abril a 10 de maio e a culmin\u00e2ncia ser\u00e1 em com vacina\u00e7\u00e3o e aplica\u00e7\u00e3o de rem\u00e9dios para vermes, em parceria com a Ame Animal no parque 18 de maio em c\u00e3es e gatos abandonados. As doa\u00e7\u00f5es coletadas ser\u00e3o enviadas para iniciativas sociais que trabalham com animais.<\/p>\n<p>\u201cO Transforma Caruaru trabalha com v\u00e1rias iniciativas sociais que tem como causa principal, o cuidado com os animais.  Sendo assim \u00e9 muito importante trabalhar o Abril Laranja em prol de conscientizar a popula\u00e7\u00e3o sobre o tema e tamb\u00e9m de ajudar quem ajuda a cuidar e faz a diferen\u00e7a na vida desses animais n\u00e3o humanos\u201d, destacou a Gerente do Transforma Caruaru, Christianny Magalh\u00e3es.<br \/>\nFoto: Divulga\u00e7\u00e3o\/Transforma Caruaru<\/p>\n<p>Seja seguidor do Instagram do Blog @blogdoedvaldomagalhaes<\/p>\n","protected":false},"excerpt":{"rendered":"<p>Combater os maus-tratos e prevenir a crueldade contra os animais s\u00e3o pr\u00e1ticas que devemos exercer todos os dias, como um&hellip;<\/p>\n","protected":false},"author":1,"featured_media":107315,"comment_status":"closed","ping_status":"open","sticky":false,"template":"","format":"standard","meta":{"footnotes":""},"categories":[14120],"tags":[29440,2,28801,3406,30213],"class_list":["post-107314","post","type-post","status-publish","format-standard","has-post-thumbnail","hentry","category-noticias","tag-blog-com-mais-visualizacao","tag-blog-do-edvaldo-magalhaes","tag-blog-mais-acessado","tag-caruaru","tag-transforma-caruaru-na-campanha-abril-laranja-de-prevencao-contra-a-crueldade-animal"],"_links":{"self":[{"href":"https:\/\/blogdoedvaldomagalhaes.com.br\/index.php\/wp-json\/wp\/v2\/posts\/107314","targetHints":{"allow":["GET"]}}],"collection":[{"href":"https:\/\/blogdoedvaldomagalhaes.com.br\/index.php\/wp-json\/wp\/v2\/posts"}],"about":[{"href":"https:\/\/blogdoedvaldomagalhaes.com.br\/index.php\/wp-json\/wp\/v2\/types\/post"}],"author":[{"embeddable":true,"href":"https:\/\/blogdoedvaldomagalhaes.com.br\/index.php\/wp-json\/wp\/v2\/users\/1"}],"replies":[{"embeddable":true,"href":"https:\/\/blogdoedvaldomagalhaes.com.br\/index.php\/wp-json\/wp\/v2\/comments?post=107314"}],"version-history":[{"count":1,"href":"https:\/\/blogdoedvaldomagalhaes.com.br\/index.php\/wp-json\/wp\/v2\/posts\/107314\/revisions"}],"predecessor-version":[{"id":107316,"href":"https:\/\/blogdoedvaldomagalhaes.com.br\/index.php\/wp-json\/wp\/v2\/posts\/107314\/revisions\/107316"}],"wp:featuredmedia":[{"embeddable":true,"href":"https:\/\/blogdoedvaldomagalhaes.com.br\/index.php\/wp-json\/wp\/v2\/media\/107315"}],"wp:attachment":[{"href":"https:\/\/blogdoedvaldomagalhaes.com.br\/index.php\/wp-json\/wp\/v2\/media?parent=107314"}],"wp:term":[{"taxonomy":"category","embeddable":true,"href":"https:\/\/blogdoedvaldomagalhaes.com.br\/index.php\/wp-json\/wp\/v2\/categories?post=107314"},{"taxonomy":"post_tag","embeddable":true,"href":"https:\/\/blogdoedvaldomagalhaes.com.br\/index.php\/wp-json\/wp\/v2\/tags?post=107314"}],"curies":[{"name":"wp","href":"https:\/\/api.w.org\/{rel}","templated":true}]}}