{"id":107285,"date":"2024-04-10T12:15:25","date_gmt":"2024-04-10T15:15:25","guid":{"rendered":"https:\/\/blogdoedvaldomagalhaes.com.br\/?p=107285"},"modified":"2024-04-10T12:15:26","modified_gmt":"2024-04-10T15:15:26","slug":"servico-de-acolhimento-familiar-para-criancas-e-adolescentes-que-estao-sob-medida-protetiva-de-acolhimento-em-caruaru","status":"publish","type":"post","link":"https:\/\/blogdoedvaldomagalhaes.com.br\/index.php\/2024\/04\/10\/servico-de-acolhimento-familiar-para-criancas-e-adolescentes-que-estao-sob-medida-protetiva-de-acolhimento-em-caruaru\/","title":{"rendered":"Servi\u00e7o de acolhimento familiar para crian\u00e7as e adolescentes que est\u00e3o sob medida protetiva de acolhimento em Caruaru"},"content":{"rendered":"<p>A Secretaria de Desenvolvimento Social e Direitos Humanos de Caruaru (SDSDH), em parceria com o Servi\u00e7o de Acolhimento Familiar em Fam\u00edlia Acolhedora, iniciativa voltada para promover um ambiente acolhedor para crian\u00e7as e adolescentes que est\u00e3o sob medida protetiva de acolhimento, est\u00e1 com inscri\u00e7\u00f5es abertas para fam\u00edlias interessadas em participar do programa. <\/p>\n<p>Na ter\u00e7a-feira (9), no audit\u00f3rio da SDSDH, aconteceu mais um importante passo nesse processo, com o in\u00edcio da forma\u00e7\u00e3o das fam\u00edlias que j\u00e1 est\u00e3o participando do servi\u00e7o, em conformidade com o edital. <\/p>\n<p>A implanta\u00e7\u00e3o deste servi\u00e7o ocorreu em 20 de dezembro de 2023, de acordo com a Lei Municipal 7.081\/2023, que estabelece crit\u00e9rios para fam\u00edlias que desejam aderir ao servi\u00e7o. No m\u00eas de fevereiro de 2024, foi lan\u00e7ado o edital de chamamento para inscri\u00e7\u00f5es de fam\u00edlias acolhedoras, conforme previsto na legisla\u00e7\u00e3o mencionada. <\/p>\n<p>Desde ent\u00e3o, a equipe respons\u00e1vel tem trabalhado arduamente para promover e acompanhar o processo de forma\u00e7\u00e3o das fam\u00edlias interessadas em se tornar Fam\u00edlia Acolhedora. As inscri\u00e7\u00f5es permanecem abertas para a ades\u00e3o de novas fam\u00edlias que desejam contribuir para o bem-estar e desenvolvimento de crian\u00e7as e adolescentes.<\/p>\n<p>Para se inscrever, basta comparecer \u00e0 Sede da Secretaria de Desenvolvimento Social e Direitos Humanos, localizada na Pra\u00e7a Pedro de Souza, n\u00ba 30, bairro Nossa Senhora das Dores. O processo de inscri\u00e7\u00e3o \u00e9 simples e visa garantir que todas as fam\u00edlias interessadas possam participar desse importante servi\u00e7o de acolhimento.<br \/>\nFoto: Felipe Correia<\/p>\n<p>Seja seguidor do Instagram do Blog @blogdoedvaldomagalhaes<\/p>\n","protected":false},"excerpt":{"rendered":"<p>A Secretaria de Desenvolvimento Social e Direitos Humanos de Caruaru (SDSDH), em parceria com o Servi\u00e7o de Acolhimento Familiar em&hellip;<\/p>\n","protected":false},"author":1,"featured_media":107286,"comment_status":"closed","ping_status":"open","sticky":false,"template":"","format":"standard","meta":{"footnotes":""},"categories":[14120],"tags":[29440,2,28801,3406,30205],"class_list":["post-107285","post","type-post","status-publish","format-standard","has-post-thumbnail","hentry","category-noticias","tag-blog-com-mais-visualizacao","tag-blog-do-edvaldo-magalhaes","tag-blog-mais-acessado","tag-caruaru","tag-servico-de-acolhimento-familiar-para-criancas-e-adolescentes-que-estao-sob-medida-protetiva-de-acolhimento-em-caruaru"],"_links":{"self":[{"href":"https:\/\/blogdoedvaldomagalhaes.com.br\/index.php\/wp-json\/wp\/v2\/posts\/107285","targetHints":{"allow":["GET"]}}],"collection":[{"href":"https:\/\/blogdoedvaldomagalhaes.com.br\/index.php\/wp-json\/wp\/v2\/posts"}],"about":[{"href":"https:\/\/blogdoedvaldomagalhaes.com.br\/index.php\/wp-json\/wp\/v2\/types\/post"}],"author":[{"embeddable":true,"href":"https:\/\/blogdoedvaldomagalhaes.com.br\/index.php\/wp-json\/wp\/v2\/users\/1"}],"replies":[{"embeddable":true,"href":"https:\/\/blogdoedvaldomagalhaes.com.br\/index.php\/wp-json\/wp\/v2\/comments?post=107285"}],"version-history":[{"count":1,"href":"https:\/\/blogdoedvaldomagalhaes.com.br\/index.php\/wp-json\/wp\/v2\/posts\/107285\/revisions"}],"predecessor-version":[{"id":107287,"href":"https:\/\/blogdoedvaldomagalhaes.com.br\/index.php\/wp-json\/wp\/v2\/posts\/107285\/revisions\/107287"}],"wp:featuredmedia":[{"embeddable":true,"href":"https:\/\/blogdoedvaldomagalhaes.com.br\/index.php\/wp-json\/wp\/v2\/media\/107286"}],"wp:attachment":[{"href":"https:\/\/blogdoedvaldomagalhaes.com.br\/index.php\/wp-json\/wp\/v2\/media?parent=107285"}],"wp:term":[{"taxonomy":"category","embeddable":true,"href":"https:\/\/blogdoedvaldomagalhaes.com.br\/index.php\/wp-json\/wp\/v2\/categories?post=107285"},{"taxonomy":"post_tag","embeddable":true,"href":"https:\/\/blogdoedvaldomagalhaes.com.br\/index.php\/wp-json\/wp\/v2\/tags?post=107285"}],"curies":[{"name":"wp","href":"https:\/\/api.w.org\/{rel}","templated":true}]}}