{"id":107282,"date":"2024-04-10T10:27:05","date_gmt":"2024-04-10T13:27:05","guid":{"rendered":"https:\/\/blogdoedvaldomagalhaes.com.br\/?p=107282"},"modified":"2024-04-10T10:27:06","modified_gmt":"2024-04-10T13:27:06","slug":"terminais-de-onibus-em-frente-a-estacao-ferroviaria-esta-prestes-a-ser-entregue","status":"publish","type":"post","link":"https:\/\/blogdoedvaldomagalhaes.com.br\/index.php\/2024\/04\/10\/terminais-de-onibus-em-frente-a-estacao-ferroviaria-esta-prestes-a-ser-entregue\/","title":{"rendered":"Terminais de \u00f4nibus em frente \u00e0 Esta\u00e7\u00e3o Ferrovi\u00e1ria est\u00e1 prestes a ser entregue"},"content":{"rendered":"<p>A Autarquia de Urbaniza\u00e7\u00e3o e Meio Ambiente (URB), est\u00e1 prestes a entregar mais uma importante obra para a popula\u00e7\u00e3o do munic\u00edpio: os terminais de \u00f4nibus localizados em frente \u00e0 Esta\u00e7\u00e3o Ferrovi\u00e1ria. <\/p>\n<p>A requalifica\u00e7\u00e3o do espa\u00e7o \u00e9 uma obra da gest\u00e3o municipal e est\u00e1 sendo executada pela CP Constru\u00e7\u00f5es, a partir de um processo de mitiga\u00e7\u00e3o do empreendimento Life Center, e contou com um investimento de mais de  R$ 1 milh\u00e3o, considerando as obras de todo o entorno.  <\/p>\n<p>Todo o processo de requalifica\u00e7\u00e3o est\u00e1 sendo feito a partir do Estudo de Impacto e Vizinhan\u00e7a (EIV), instrumento urban\u00edstico que \u00e9 regulamentado pela Lei Municipal 6.742, de 2021. <\/p>\n<p>\u201cEsse instrumento viabiliza que o poder p\u00fablico municipal promova a execu\u00e7\u00e3o de obras de interesse p\u00fablico por meio de parceria com o setor privado, garantindo a justa distribui\u00e7\u00e3o da responsabilidade e dos benef\u00edcios decorrentes da implanta\u00e7\u00e3o de um empreendimento, conforme recomenda o Estatuto da Cidade (Lei Federal 10.257, de 2001)\u201d, disse o presidente da URB, Francisco Batista.<\/p>\n<p>Quando for entregue, o espa\u00e7o ir\u00e1 apresentar uma s\u00e9rie de benef\u00edcios para a popula\u00e7\u00e3o e, claro, para os usu\u00e1rios do Sistema de Transporte P\u00fablico de Caruaru. Entre eles, est\u00e3o cal\u00e7adas mais largas e acess\u00edveis para idosos e pessoas com mobilidade reduzida, por exemplo. <\/p>\n<p>Al\u00e9m disso, tamb\u00e9m haver\u00e1 uma nova roupagem em todo o local, com novos jardins, ilumina\u00e7\u00e3o p\u00fablica e mais abrigos de \u00f4nibus com maior cobertura para proteger os usu\u00e1rios do sol e da chuva.<br \/>\nFoto: Joalline Nascimento\/Secom\/PMC<\/p>\n<p>Seja seguidor do Instagram do Blog @blogdoedvaldomagalhaes<\/p>\n","protected":false},"excerpt":{"rendered":"<p>A Autarquia de Urbaniza\u00e7\u00e3o e Meio Ambiente (URB), est\u00e1 prestes a entregar mais uma importante obra para a popula\u00e7\u00e3o do&hellip;<\/p>\n","protected":false},"author":1,"featured_media":107283,"comment_status":"closed","ping_status":"open","sticky":false,"template":"","format":"standard","meta":{"footnotes":""},"categories":[14120],"tags":[29440,2,28801,3406,30204],"class_list":["post-107282","post","type-post","status-publish","format-standard","has-post-thumbnail","hentry","category-noticias","tag-blog-com-mais-visualizacao","tag-blog-do-edvaldo-magalhaes","tag-blog-mais-acessado","tag-caruaru","tag-terminais-de-onibus-em-frente-a-estacao-ferroviaria-esta-prestes-a-ser-entregue"],"_links":{"self":[{"href":"https:\/\/blogdoedvaldomagalhaes.com.br\/index.php\/wp-json\/wp\/v2\/posts\/107282","targetHints":{"allow":["GET"]}}],"collection":[{"href":"https:\/\/blogdoedvaldomagalhaes.com.br\/index.php\/wp-json\/wp\/v2\/posts"}],"about":[{"href":"https:\/\/blogdoedvaldomagalhaes.com.br\/index.php\/wp-json\/wp\/v2\/types\/post"}],"author":[{"embeddable":true,"href":"https:\/\/blogdoedvaldomagalhaes.com.br\/index.php\/wp-json\/wp\/v2\/users\/1"}],"replies":[{"embeddable":true,"href":"https:\/\/blogdoedvaldomagalhaes.com.br\/index.php\/wp-json\/wp\/v2\/comments?post=107282"}],"version-history":[{"count":1,"href":"https:\/\/blogdoedvaldomagalhaes.com.br\/index.php\/wp-json\/wp\/v2\/posts\/107282\/revisions"}],"predecessor-version":[{"id":107284,"href":"https:\/\/blogdoedvaldomagalhaes.com.br\/index.php\/wp-json\/wp\/v2\/posts\/107282\/revisions\/107284"}],"wp:featuredmedia":[{"embeddable":true,"href":"https:\/\/blogdoedvaldomagalhaes.com.br\/index.php\/wp-json\/wp\/v2\/media\/107283"}],"wp:attachment":[{"href":"https:\/\/blogdoedvaldomagalhaes.com.br\/index.php\/wp-json\/wp\/v2\/media?parent=107282"}],"wp:term":[{"taxonomy":"category","embeddable":true,"href":"https:\/\/blogdoedvaldomagalhaes.com.br\/index.php\/wp-json\/wp\/v2\/categories?post=107282"},{"taxonomy":"post_tag","embeddable":true,"href":"https:\/\/blogdoedvaldomagalhaes.com.br\/index.php\/wp-json\/wp\/v2\/tags?post=107282"}],"curies":[{"name":"wp","href":"https:\/\/api.w.org\/{rel}","templated":true}]}}