{"id":107274,"date":"2024-04-09T19:04:35","date_gmt":"2024-04-09T22:04:35","guid":{"rendered":"https:\/\/blogdoedvaldomagalhaes.com.br\/?p=107274"},"modified":"2024-04-09T19:04:36","modified_gmt":"2024-04-09T22:04:36","slug":"corujas-sao-resgatadas-pela-defesa-civil-de-caruaru","status":"publish","type":"post","link":"https:\/\/blogdoedvaldomagalhaes.com.br\/index.php\/2024\/04\/09\/corujas-sao-resgatadas-pela-defesa-civil-de-caruaru\/","title":{"rendered":"Corujas s\u00e3o resgatadas pela Defesa Civil de Caruaru"},"content":{"rendered":"<p>Na tarde desta ter\u00e7a-feira (09), a Defesa Civil de Caruaru resgatou duas corujas que estavam no antigo pr\u00e9dio da Fafica, que atualmente funciona a Secretaria de Educa\u00e7\u00e3o e Esportes (Seduc).<\/p>\n<p>&#8220;Recebemos o chamado da Seduc e fomos verificar a situa\u00e7\u00e3o, as duas corujas s\u00e3o jovens e voltar\u00e3o ao habitat natural&#8221;, pontuou o gerente da Defesa Civil, M\u00e1rio Revoredo.<\/p>\n<p>Os animais ser\u00e3o encaminhados para a capital pernambucana e receber\u00e3o os cuidados do Centro de Triagem e Reabilita\u00e7\u00e3o de Animais Silvestres.<\/p>\n<p>&#8220;Resgatamos os dois filhotes, ambos ter\u00e3o os cuidados necess\u00e1rios, em breve estar\u00e3o livres na natureza&#8221;, detalhou o monitor de parque, Diego Lira. Foto: Divulga\u00e7\u00e3o\/Secom<\/p>\n<p>Seja seguidor do Instagram do Blog @blogdoedvaldomagalhaes<\/p>\n","protected":false},"excerpt":{"rendered":"<p>Na tarde desta ter\u00e7a-feira (09), a Defesa Civil de Caruaru resgatou duas corujas que estavam no antigo pr\u00e9dio da Fafica,&hellip;<\/p>\n","protected":false},"author":1,"featured_media":107275,"comment_status":"closed","ping_status":"open","sticky":false,"template":"","format":"standard","meta":{"footnotes":""},"categories":[14120],"tags":[29440,2,28801,3406,30202],"class_list":["post-107274","post","type-post","status-publish","format-standard","has-post-thumbnail","hentry","category-noticias","tag-blog-com-mais-visualizacao","tag-blog-do-edvaldo-magalhaes","tag-blog-mais-acessado","tag-caruaru","tag-corujas-sao-resgatadas-pela-defesa-civil-de-caruaru"],"_links":{"self":[{"href":"https:\/\/blogdoedvaldomagalhaes.com.br\/index.php\/wp-json\/wp\/v2\/posts\/107274","targetHints":{"allow":["GET"]}}],"collection":[{"href":"https:\/\/blogdoedvaldomagalhaes.com.br\/index.php\/wp-json\/wp\/v2\/posts"}],"about":[{"href":"https:\/\/blogdoedvaldomagalhaes.com.br\/index.php\/wp-json\/wp\/v2\/types\/post"}],"author":[{"embeddable":true,"href":"https:\/\/blogdoedvaldomagalhaes.com.br\/index.php\/wp-json\/wp\/v2\/users\/1"}],"replies":[{"embeddable":true,"href":"https:\/\/blogdoedvaldomagalhaes.com.br\/index.php\/wp-json\/wp\/v2\/comments?post=107274"}],"version-history":[{"count":1,"href":"https:\/\/blogdoedvaldomagalhaes.com.br\/index.php\/wp-json\/wp\/v2\/posts\/107274\/revisions"}],"predecessor-version":[{"id":107276,"href":"https:\/\/blogdoedvaldomagalhaes.com.br\/index.php\/wp-json\/wp\/v2\/posts\/107274\/revisions\/107276"}],"wp:featuredmedia":[{"embeddable":true,"href":"https:\/\/blogdoedvaldomagalhaes.com.br\/index.php\/wp-json\/wp\/v2\/media\/107275"}],"wp:attachment":[{"href":"https:\/\/blogdoedvaldomagalhaes.com.br\/index.php\/wp-json\/wp\/v2\/media?parent=107274"}],"wp:term":[{"taxonomy":"category","embeddable":true,"href":"https:\/\/blogdoedvaldomagalhaes.com.br\/index.php\/wp-json\/wp\/v2\/categories?post=107274"},{"taxonomy":"post_tag","embeddable":true,"href":"https:\/\/blogdoedvaldomagalhaes.com.br\/index.php\/wp-json\/wp\/v2\/tags?post=107274"}],"curies":[{"name":"wp","href":"https:\/\/api.w.org\/{rel}","templated":true}]}}