{"id":107265,"date":"2024-04-09T13:48:16","date_gmt":"2024-04-09T16:48:16","guid":{"rendered":"https:\/\/blogdoedvaldomagalhaes.com.br\/?p=107265"},"modified":"2024-04-09T13:48:17","modified_gmt":"2024-04-09T16:48:17","slug":"ame-animal-promove-campanha-para-doacao-de-caes-e-gatos-no-marco-zero","status":"publish","type":"post","link":"https:\/\/blogdoedvaldomagalhaes.com.br\/index.php\/2024\/04\/09\/ame-animal-promove-campanha-para-doacao-de-caes-e-gatos-no-marco-zero\/","title":{"rendered":"AME Animal promove campanha para doa\u00e7\u00e3o de c\u00e3es e gatos no Marco Zero"},"content":{"rendered":"<p>A AME Animal promove, nesta quarta (10) e quinta-feira (11), uma campanha de doa\u00e7\u00e3o respons\u00e1vel de animais. Ser\u00e3o disponibilizados c\u00e3es e gatos, filhotes e adultos. Os animais adultos j\u00e1 s\u00e3o castrados e vermifugados. J\u00e1 os filhotes s\u00e3o vermifugados e ter\u00e3o castra\u00e7\u00e3o realizada pela AME animal, quando estiverem no in\u00edcio da idade reprodutiva. <\/p>\n<p>Para o cidad\u00e3o que deseja adotar um animal, ele dever\u00e1 preencher no local, um termo de ado\u00e7\u00e3o e posse respons\u00e1vel, garantindo ao pet, uma ado\u00e7\u00e3o respons\u00e1vel. Est\u00e3o aptos para ado\u00e7\u00e3o, pessoas maiores de 18 anos, portando RG, CPF e comprovante de resid\u00eancia. &#8220;Esse controle maior para o cidad\u00e3o que deseja adotar um animal \u00e9 exigido para que possamos entender que h\u00e1 um interesse em cuidar de um pet, de forma respons\u00e1vel. Estamos com animais totalmente vemifugados e aptos para um novo lar&#8221;, comentou o gerente da AME animal, Simonal Cardoso.<br \/>\nFoto: Jorge Farias\/Divulga\u00e7\u00e3o <\/p>\n<p>Seja seguidor do Instagram do Blog @blogdoedvaldomagalhaes<\/p>\n","protected":false},"excerpt":{"rendered":"<p>A AME Animal promove, nesta quarta (10) e quinta-feira (11), uma campanha de doa\u00e7\u00e3o respons\u00e1vel de animais. Ser\u00e3o disponibilizados c\u00e3es&hellip;<\/p>\n","protected":false},"author":1,"featured_media":107266,"comment_status":"closed","ping_status":"open","sticky":false,"template":"","format":"standard","meta":{"footnotes":""},"categories":[14120],"tags":[30199,29440,2,28801,3406],"class_list":["post-107265","post","type-post","status-publish","format-standard","has-post-thumbnail","hentry","category-noticias","tag-ame-animal-promove-campanha-para-doacao-de-caes-e-gatos-no-marco-zero","tag-blog-com-mais-visualizacao","tag-blog-do-edvaldo-magalhaes","tag-blog-mais-acessado","tag-caruaru"],"_links":{"self":[{"href":"https:\/\/blogdoedvaldomagalhaes.com.br\/index.php\/wp-json\/wp\/v2\/posts\/107265","targetHints":{"allow":["GET"]}}],"collection":[{"href":"https:\/\/blogdoedvaldomagalhaes.com.br\/index.php\/wp-json\/wp\/v2\/posts"}],"about":[{"href":"https:\/\/blogdoedvaldomagalhaes.com.br\/index.php\/wp-json\/wp\/v2\/types\/post"}],"author":[{"embeddable":true,"href":"https:\/\/blogdoedvaldomagalhaes.com.br\/index.php\/wp-json\/wp\/v2\/users\/1"}],"replies":[{"embeddable":true,"href":"https:\/\/blogdoedvaldomagalhaes.com.br\/index.php\/wp-json\/wp\/v2\/comments?post=107265"}],"version-history":[{"count":1,"href":"https:\/\/blogdoedvaldomagalhaes.com.br\/index.php\/wp-json\/wp\/v2\/posts\/107265\/revisions"}],"predecessor-version":[{"id":107267,"href":"https:\/\/blogdoedvaldomagalhaes.com.br\/index.php\/wp-json\/wp\/v2\/posts\/107265\/revisions\/107267"}],"wp:featuredmedia":[{"embeddable":true,"href":"https:\/\/blogdoedvaldomagalhaes.com.br\/index.php\/wp-json\/wp\/v2\/media\/107266"}],"wp:attachment":[{"href":"https:\/\/blogdoedvaldomagalhaes.com.br\/index.php\/wp-json\/wp\/v2\/media?parent=107265"}],"wp:term":[{"taxonomy":"category","embeddable":true,"href":"https:\/\/blogdoedvaldomagalhaes.com.br\/index.php\/wp-json\/wp\/v2\/categories?post=107265"},{"taxonomy":"post_tag","embeddable":true,"href":"https:\/\/blogdoedvaldomagalhaes.com.br\/index.php\/wp-json\/wp\/v2\/tags?post=107265"}],"curies":[{"name":"wp","href":"https:\/\/api.w.org\/{rel}","templated":true}]}}