{"id":107262,"date":"2024-04-09T13:43:49","date_gmt":"2024-04-09T16:43:49","guid":{"rendered":"https:\/\/blogdoedvaldomagalhaes.com.br\/?p=107262"},"modified":"2024-04-09T13:43:50","modified_gmt":"2024-04-09T16:43:50","slug":"fundacao-de-cultura-de-caruaru-inicia-visitas-tenicas-nas-comunidades-rurais-para-o-sao-joao-na-roca","status":"publish","type":"post","link":"https:\/\/blogdoedvaldomagalhaes.com.br\/index.php\/2024\/04\/09\/fundacao-de-cultura-de-caruaru-inicia-visitas-tenicas-nas-comunidades-rurais-para-o-sao-joao-na-roca\/","title":{"rendered":"Funda\u00e7\u00e3o de Cultura de Caruaru inicia visitas t\u00e9nicas nas comunidades rurais para o S\u00e3o Jo\u00e3o na Ro\u00e7a"},"content":{"rendered":"<p>Faltando 10 dias para o in\u00edcio do Maior e Melhor S\u00e3o Jo\u00e3o do Mundo, em Caruaru, as equipes da Funda\u00e7\u00e3o de Cultura e de outras secretarias envolvidas, representando a Prefeitura, come\u00e7aram a fazer visitas t\u00e9cnicas nas comunidades rurais para o S\u00e3o Jo\u00e3o na Ro\u00e7a.<\/p>\n<p>O objetivo das visitas \u00e9 deixar tudo pronto para os forrozeiros e forrozeiras aproveitarem o S\u00e3o Jo\u00e3o na Ro\u00e7a da melhor forma, em um ambiente seguro e confort\u00e1vel. Neste ano, os festejos juninos ir\u00e3o passar por um total de 13 comunidades rurais. <\/p>\n<p>O in\u00edcio da festa na zona rural ser\u00e1 no pr\u00f3ximo dia 19 de abril, em Gon\u00e7alves Ferreira, passando pelo Rafael, Lajes, Cachoeira Seca, Ju\u00e1, Ita\u00fana, Terra Vermelha, Malhada de Barreira Queimada, Murici, Peladas, Malhada de Pedra, Pau Santo e Xicuru. A programa\u00e7\u00e3o segue at\u00e9 o dia 31 de maio. <\/p>\n<p>\u201cNosso S\u00e3o Jo\u00e3o na Ro\u00e7a tem uma programa\u00e7\u00e3o 100% de forr\u00f3, valorizando o artista da terra. Essa valoriza\u00e7\u00e3o \u00e9 uma marca da gest\u00e3o do prefeito Rodrigo Pinheiro. Estamos preparando um S\u00e3o Jo\u00e3o lindo para todos e todas. Esperamos ver a nossa zona rural cheia de gente aproveitando cada show\u201d, disse o presidente da Funda\u00e7\u00e3o de Cultura, H\u00e9rlon Cavalcanti.<br \/>\nFoto: Divulga\u00e7\u00e3o\/Secom\/PMC<\/p>\n<p>Seja seguidor do Instagram do Blog @blogdoedvaldomagalhaes<\/p>\n","protected":false},"excerpt":{"rendered":"<p>Faltando 10 dias para o in\u00edcio do Maior e Melhor S\u00e3o Jo\u00e3o do Mundo, em Caruaru, as equipes da Funda\u00e7\u00e3o&hellip;<\/p>\n","protected":false},"author":1,"featured_media":107263,"comment_status":"closed","ping_status":"open","sticky":false,"template":"","format":"standard","meta":{"footnotes":""},"categories":[14120],"tags":[29440,2,28801,3406,30198],"class_list":["post-107262","post","type-post","status-publish","format-standard","has-post-thumbnail","hentry","category-noticias","tag-blog-com-mais-visualizacao","tag-blog-do-edvaldo-magalhaes","tag-blog-mais-acessado","tag-caruaru","tag-equipes-da-fundacao-de-cultura-de-caruaru-iniciam-realizacao-de-visitas-tenicas-nas-comunidades-rurais-para-o-sao-joao-na-roca"],"_links":{"self":[{"href":"https:\/\/blogdoedvaldomagalhaes.com.br\/index.php\/wp-json\/wp\/v2\/posts\/107262","targetHints":{"allow":["GET"]}}],"collection":[{"href":"https:\/\/blogdoedvaldomagalhaes.com.br\/index.php\/wp-json\/wp\/v2\/posts"}],"about":[{"href":"https:\/\/blogdoedvaldomagalhaes.com.br\/index.php\/wp-json\/wp\/v2\/types\/post"}],"author":[{"embeddable":true,"href":"https:\/\/blogdoedvaldomagalhaes.com.br\/index.php\/wp-json\/wp\/v2\/users\/1"}],"replies":[{"embeddable":true,"href":"https:\/\/blogdoedvaldomagalhaes.com.br\/index.php\/wp-json\/wp\/v2\/comments?post=107262"}],"version-history":[{"count":1,"href":"https:\/\/blogdoedvaldomagalhaes.com.br\/index.php\/wp-json\/wp\/v2\/posts\/107262\/revisions"}],"predecessor-version":[{"id":107264,"href":"https:\/\/blogdoedvaldomagalhaes.com.br\/index.php\/wp-json\/wp\/v2\/posts\/107262\/revisions\/107264"}],"wp:featuredmedia":[{"embeddable":true,"href":"https:\/\/blogdoedvaldomagalhaes.com.br\/index.php\/wp-json\/wp\/v2\/media\/107263"}],"wp:attachment":[{"href":"https:\/\/blogdoedvaldomagalhaes.com.br\/index.php\/wp-json\/wp\/v2\/media?parent=107262"}],"wp:term":[{"taxonomy":"category","embeddable":true,"href":"https:\/\/blogdoedvaldomagalhaes.com.br\/index.php\/wp-json\/wp\/v2\/categories?post=107262"},{"taxonomy":"post_tag","embeddable":true,"href":"https:\/\/blogdoedvaldomagalhaes.com.br\/index.php\/wp-json\/wp\/v2\/tags?post=107262"}],"curies":[{"name":"wp","href":"https:\/\/api.w.org\/{rel}","templated":true}]}}