{"id":107256,"date":"2024-04-09T09:07:27","date_gmt":"2024-04-09T12:07:27","guid":{"rendered":"https:\/\/blogdoedvaldomagalhaes.com.br\/?p=107256"},"modified":"2024-04-09T09:07:28","modified_gmt":"2024-04-09T12:07:28","slug":"homens-e-mulher-acusados-de-sequestro-e-roubo-sao-autuados-em-flagrante","status":"publish","type":"post","link":"https:\/\/blogdoedvaldomagalhaes.com.br\/index.php\/2024\/04\/09\/homens-e-mulher-acusados-de-sequestro-e-roubo-sao-autuados-em-flagrante\/","title":{"rendered":"Homens e mulher acusados de sequestro e roubo s\u00e3o autuados em flagrante"},"content":{"rendered":"<p>A Pol\u00edcia Civil de Pernambuco, por meio do Grupo de Opera\u00e7\u00f5es Especiais \u2013 GOE, sob a Coordena\u00e7\u00e3o dos Delegados de Pol\u00edcia Ten\u00f3rio Neto e Jorge Pinto com apoio dos Delegados Patrick Marinho (91\u00aa) e M\u00e1rcio Cruz (88\u00aa), prenderam em flagrante delito de dois homens e uma mulher, no domingo (07.04),  desarticulando um grupo criminoso voltado \u00e0 pratica de crimes de extors\u00e3o mediante sequestro e roubos.<\/p>\n<p>As dilig\u00eancias iniciaram ap\u00f3s recebermos informes de que um homem havia sido sequestrado no munic\u00edpio de Bezerros, quando realizava arrecada\u00e7\u00e3o de dinheiro de clientes em uma motocicleta, tendo sido arrebatado por criminosos que estavam em um ve\u00edculo. Foi acionado o protocolo de investiga\u00e7\u00e3o de sequestro do Grupo de Opera\u00e7\u00f5es Especiais, com apoio das unidades policiais de Bezerros (91\u00aa) e de Caruaru (88\u00aa) e,ao aprofundar as investiga\u00e7\u00f5es, constatamos que o ve\u00edculo utilizado no sequestro da v\u00edtima pertencia a uma mulher que teve a casa invadida pelos criminosos e tamb\u00e9m foi levada ao cativeiro onde ficaram ref\u00e9ns at\u00e9 a madrugada do dia 07\/04. Ap\u00f3s confirmar a libera\u00e7\u00e3o das v\u00edtimas em seguran\u00e7a, as equipes policiais realizaram dilig\u00eancias ostensivas que culminaram com as pris\u00f5es de tr\u00eas dos cinco envolvidos, a identifica\u00e7\u00e3o dos outros dois criminosos e a recupera\u00e7\u00e3o do dinheiro e demais objetos subtra\u00eddos das v\u00edtimas.   <\/p>\n<p> O grupo foi autuado em flagrante delito pelos crimes de Extors\u00e3o Mediante Sequestro e Roubo com restri\u00e7\u00e3o da Liberdade da V\u00edtima.<br \/>\nFoto: Divulga\u00e7\u00e3o\/PC<\/p>\n<p>Seja seguidor do Instagram do Blog @blogdoedvaldomagalhaes<\/p>\n","protected":false},"excerpt":{"rendered":"<p>A Pol\u00edcia Civil de Pernambuco, por meio do Grupo de Opera\u00e7\u00f5es Especiais \u2013 GOE, sob a Coordena\u00e7\u00e3o dos Delegados de&hellip;<\/p>\n","protected":false},"author":1,"featured_media":107257,"comment_status":"closed","ping_status":"open","sticky":false,"template":"","format":"standard","meta":{"footnotes":""},"categories":[14121],"tags":[29440,2,28801,3406,30196],"class_list":["post-107256","post","type-post","status-publish","format-standard","has-post-thumbnail","hentry","category-policial","tag-blog-com-mais-visualizacao","tag-blog-do-edvaldo-magalhaes","tag-blog-mais-acessado","tag-caruaru","tag-homens-e-mulher-acusados-de-sequestro-e-roubo-sao-autuados-em-flagrante"],"_links":{"self":[{"href":"https:\/\/blogdoedvaldomagalhaes.com.br\/index.php\/wp-json\/wp\/v2\/posts\/107256","targetHints":{"allow":["GET"]}}],"collection":[{"href":"https:\/\/blogdoedvaldomagalhaes.com.br\/index.php\/wp-json\/wp\/v2\/posts"}],"about":[{"href":"https:\/\/blogdoedvaldomagalhaes.com.br\/index.php\/wp-json\/wp\/v2\/types\/post"}],"author":[{"embeddable":true,"href":"https:\/\/blogdoedvaldomagalhaes.com.br\/index.php\/wp-json\/wp\/v2\/users\/1"}],"replies":[{"embeddable":true,"href":"https:\/\/blogdoedvaldomagalhaes.com.br\/index.php\/wp-json\/wp\/v2\/comments?post=107256"}],"version-history":[{"count":1,"href":"https:\/\/blogdoedvaldomagalhaes.com.br\/index.php\/wp-json\/wp\/v2\/posts\/107256\/revisions"}],"predecessor-version":[{"id":107258,"href":"https:\/\/blogdoedvaldomagalhaes.com.br\/index.php\/wp-json\/wp\/v2\/posts\/107256\/revisions\/107258"}],"wp:featuredmedia":[{"embeddable":true,"href":"https:\/\/blogdoedvaldomagalhaes.com.br\/index.php\/wp-json\/wp\/v2\/media\/107257"}],"wp:attachment":[{"href":"https:\/\/blogdoedvaldomagalhaes.com.br\/index.php\/wp-json\/wp\/v2\/media?parent=107256"}],"wp:term":[{"taxonomy":"category","embeddable":true,"href":"https:\/\/blogdoedvaldomagalhaes.com.br\/index.php\/wp-json\/wp\/v2\/categories?post=107256"},{"taxonomy":"post_tag","embeddable":true,"href":"https:\/\/blogdoedvaldomagalhaes.com.br\/index.php\/wp-json\/wp\/v2\/tags?post=107256"}],"curies":[{"name":"wp","href":"https:\/\/api.w.org\/{rel}","templated":true}]}}