{"id":107250,"date":"2024-04-09T08:24:02","date_gmt":"2024-04-09T11:24:02","guid":{"rendered":"https:\/\/blogdoedvaldomagalhaes.com.br\/?p=107250"},"modified":"2024-04-09T08:24:15","modified_gmt":"2024-04-09T11:24:15","slug":"sismuc-realiza-assembleia-extraordinaria-nesta-quinta-feira-11","status":"publish","type":"post","link":"https:\/\/blogdoedvaldomagalhaes.com.br\/index.php\/2024\/04\/09\/sismuc-realiza-assembleia-extraordinaria-nesta-quinta-feira-11\/","title":{"rendered":"SISMUC realiza assembleia extraordin\u00e1ria nesta quinta-feira (11)"},"content":{"rendered":"<p>Nesta quinta-feira (11), o SISMUC Regional Caruaru, dando continuidade a luta pelos direitos dos servidores, realiza, uma assembleia extraordin\u00e1ria com os associados, bem como: motoristas, lactaristas, merendeiras, e demais categorias. O encontro acontecer\u00e1 na sede do sindicato, na Rua Padre F\u00e9lix Barreto &#8211; n\u00b0 50, a partir das 9h.<\/p>\n<p>O presidente da entidade, Eduardo Mendon\u00e7a, convida os associados. \u201cConvocamos todos os servidores dessas categorias para avalia\u00e7\u00e3o e delibera\u00e7\u00f5es do PCC ( Plano de Cargos e Carreira), al\u00e9m de informes gerais&#8221;, destaca.<\/p>\n<p>A primeira convoca\u00e7\u00e3o acontece \u00e0s 7h30, com 2\/3 dos associados e segunda convoca\u00e7\u00e3o uma hora depois com 1\/3. A terceira e \u00faltima convoca\u00e7\u00e3o 30 minutos depois, \u00e0s 9h. Foto: Divulga\u00e7\u00e3o<\/p>\n<p>Seja seguidor do Instagram do Blog @blogdoedvaldomagalhaes<\/p>\n","protected":false},"excerpt":{"rendered":"<p>Nesta quinta-feira (11), o SISMUC Regional Caruaru, dando continuidade a luta pelos direitos dos servidores, realiza, uma assembleia extraordin\u00e1ria com&hellip;<\/p>\n","protected":false},"author":1,"featured_media":107251,"comment_status":"closed","ping_status":"open","sticky":false,"template":"","format":"standard","meta":{"footnotes":""},"categories":[14120],"tags":[29440,2,28801,3406,30194],"class_list":["post-107250","post","type-post","status-publish","format-standard","has-post-thumbnail","hentry","category-noticias","tag-blog-com-mais-visualizacao","tag-blog-do-edvaldo-magalhaes","tag-blog-mais-acessado","tag-caruaru","tag-sismuc-realiza-assembleia-extraordinaria-nesta-quinta-feira-11"],"_links":{"self":[{"href":"https:\/\/blogdoedvaldomagalhaes.com.br\/index.php\/wp-json\/wp\/v2\/posts\/107250","targetHints":{"allow":["GET"]}}],"collection":[{"href":"https:\/\/blogdoedvaldomagalhaes.com.br\/index.php\/wp-json\/wp\/v2\/posts"}],"about":[{"href":"https:\/\/blogdoedvaldomagalhaes.com.br\/index.php\/wp-json\/wp\/v2\/types\/post"}],"author":[{"embeddable":true,"href":"https:\/\/blogdoedvaldomagalhaes.com.br\/index.php\/wp-json\/wp\/v2\/users\/1"}],"replies":[{"embeddable":true,"href":"https:\/\/blogdoedvaldomagalhaes.com.br\/index.php\/wp-json\/wp\/v2\/comments?post=107250"}],"version-history":[{"count":1,"href":"https:\/\/blogdoedvaldomagalhaes.com.br\/index.php\/wp-json\/wp\/v2\/posts\/107250\/revisions"}],"predecessor-version":[{"id":107252,"href":"https:\/\/blogdoedvaldomagalhaes.com.br\/index.php\/wp-json\/wp\/v2\/posts\/107250\/revisions\/107252"}],"wp:featuredmedia":[{"embeddable":true,"href":"https:\/\/blogdoedvaldomagalhaes.com.br\/index.php\/wp-json\/wp\/v2\/media\/107251"}],"wp:attachment":[{"href":"https:\/\/blogdoedvaldomagalhaes.com.br\/index.php\/wp-json\/wp\/v2\/media?parent=107250"}],"wp:term":[{"taxonomy":"category","embeddable":true,"href":"https:\/\/blogdoedvaldomagalhaes.com.br\/index.php\/wp-json\/wp\/v2\/categories?post=107250"},{"taxonomy":"post_tag","embeddable":true,"href":"https:\/\/blogdoedvaldomagalhaes.com.br\/index.php\/wp-json\/wp\/v2\/tags?post=107250"}],"curies":[{"name":"wp","href":"https:\/\/api.w.org\/{rel}","templated":true}]}}