{"id":107241,"date":"2024-04-08T17:39:49","date_gmt":"2024-04-08T20:39:49","guid":{"rendered":"https:\/\/blogdoedvaldomagalhaes.com.br\/?p=107241"},"modified":"2024-04-08T17:39:50","modified_gmt":"2024-04-08T20:39:50","slug":"premio-de-inovacao-previdenciaria-coloca-caruaruprev-no-top-1-de-pernambuco-e-o-8o-melhor-do-brasil","status":"publish","type":"post","link":"https:\/\/blogdoedvaldomagalhaes.com.br\/index.php\/2024\/04\/08\/premio-de-inovacao-previdenciaria-coloca-caruaruprev-no-top-1-de-pernambuco-e-o-8o-melhor-do-brasil\/","title":{"rendered":"Pr\u00eamio de Inova\u00e7\u00e3o Previdenci\u00e1ria coloca CaruaruPrev no top 1 de Pernambuco e o 8\u00ba melhor do Brasil"},"content":{"rendered":"<p>A Associa\u00e7\u00e3o Nacional de Entidades de Previd\u00eancia de Estados e Munic\u00edpios (Aneprem) publicou, em sua p\u00e1gina oficial, o resultado final do 6\u00ba pr\u00eamio Nacional de Inova\u00e7\u00e3o Previdenci\u00e1ria e a cidade de Caruaru foi destaque no Brasil. O Instituto de Previd\u00eancia dos Servidores Municipais de Caruaru (CaruaruPrev) conquistou o 1\u00ba lugar em Pernambuco e a 8\u00aa posi\u00e7\u00e3o no ranking nacional, na categoria relacionamento com a sociedade, numa importante premia\u00e7\u00e3o, concorrendo em todo o Brasil em um universo de 2.144 institutos de previd\u00eancia municipais, al\u00e9m dos RPPS dos estados. <\/p>\n<p>O pr\u00eamio nacional de inova\u00e7\u00e3o previdenci\u00e1ria da Aneprem \u00e9 um instrumento incentivador de boa governan\u00e7a que estimula a criatividade e o desenvolvimento de novas a\u00e7\u00f5es da gest\u00e3o p\u00fablica, premiando o instituto previdenci\u00e1rio, com a\u00e7\u00f5es inovadoras implementadas. <\/p>\n<p>\u201c\u00c9 uma conquista in\u00e9dita para Caruaru. Conseguimos alcan\u00e7ar esse destaque nacional no Pr\u00eamio de Inova\u00e7\u00e3o Previdenci\u00e1ria promovido pela Aneprem, atrav\u00e9s do projeto &#8216;Guich\u00ea do Advogado&#8217;, que foi uma parceria firmada com a OAB Pernambuco, Prefeitura de Caruaru e o CaruaruPrev, fruto de um acordo de coopera\u00e7\u00e3o t\u00e9cnica pioneiro, numa iniciativa que conseguiu efetivamente desburocratizar os servi\u00e7os p\u00fablicos  e atuarmos de forma completamente \u00e1gil e eficiente nos atendimentos \u00e0s solicita\u00e7\u00f5es e \u00e0s demandas dos segurados, por meios de seus representantes legais, contando com uma sala espec\u00edfica, atendimento com servidor exclusivo, al\u00e9m de WhatsApp e todo um mecanismo digital integrado via plataforma 1doc, fazendo com que possamos realmente otimizar e mostrar que o nosso compromisso \u00e9 de maximizar resultados positivos de forma integrada com a gest\u00e3o municipal&#8221;, enfatizou a presidente do CaruaruPrev, Fernanda Melo. \u201cConseguimos esse destaque gigantesco, que s\u00f3 mostra realmente o compromisso da Gest\u00e3o do prefeito Rodrigo Pinheiro e do CaruaruPrev em buscar sempre o melhor desempenho com a coisa p\u00fablica e elevar o patamar do CaruaruPrev para refer\u00eancia e excel\u00eancia na gest\u00e3o previdenci\u00e1ria&#8221; concluiu Fernanda.<\/p>\n<p>\u201cEssa premia\u00e7\u00e3o nacional conquistada pelo CaruaruPrev demonstra a excel\u00eancia em sua gest\u00e3o e o comprometimento com a inova\u00e7\u00e3o e, claro, o aprimoramento cont\u00ednuo. Essa conquista in\u00e9dita refor\u00e7a o papel de lideran\u00e7a da autarquia no cen\u00e1rio nacional. Essa distin\u00e7\u00e3o \u00e9 resultado direto da parceria estabelecida com a OAB-PE, por meio de um acordo de coopera\u00e7\u00e3o t\u00e9cnica pioneiro, que resultou na implanta\u00e7\u00e3o do guich\u00ea do advogado, tornando mais \u00e1geis e eficientes os atendimentos \u00e0s solicita\u00e7\u00f5es dos segurados. Essa conquista n\u00e3o apenas engrandece a pr\u00f3pria autarquia, mas tamb\u00e9m enaltece a nossa cidade, que orgulhosamente se destaca mais uma vez a n\u00edvel nacional\u201d, ressaltou o prefeito de Caruaru, Rodrigo Pinheiro.<br \/>\nFoto: Felipe Correia <\/p>\n<p>Seja seguidor do Instagram do Blog @blogdoedvaldomagalhaes<\/p>\n","protected":false},"excerpt":{"rendered":"<p>A Associa\u00e7\u00e3o Nacional de Entidades de Previd\u00eancia de Estados e Munic\u00edpios (Aneprem) publicou, em sua p\u00e1gina oficial, o resultado final&hellip;<\/p>\n","protected":false},"author":1,"featured_media":107242,"comment_status":"closed","ping_status":"open","sticky":false,"template":"","format":"standard","meta":{"footnotes":""},"categories":[14120],"tags":[29440,2,28801,3406,30191,1766],"class_list":["post-107241","post","type-post","status-publish","format-standard","has-post-thumbnail","hentry","category-noticias","tag-blog-com-mais-visualizacao","tag-blog-do-edvaldo-magalhaes","tag-blog-mais-acessado","tag-caruaru","tag-premio-de-inovacao-previdenciaria-coloca-caruaruprev-no-top-1-de-pernambuco-e-o-8o-melhor-do-brasil","tag-rodrigo-pinheiro"],"_links":{"self":[{"href":"https:\/\/blogdoedvaldomagalhaes.com.br\/index.php\/wp-json\/wp\/v2\/posts\/107241","targetHints":{"allow":["GET"]}}],"collection":[{"href":"https:\/\/blogdoedvaldomagalhaes.com.br\/index.php\/wp-json\/wp\/v2\/posts"}],"about":[{"href":"https:\/\/blogdoedvaldomagalhaes.com.br\/index.php\/wp-json\/wp\/v2\/types\/post"}],"author":[{"embeddable":true,"href":"https:\/\/blogdoedvaldomagalhaes.com.br\/index.php\/wp-json\/wp\/v2\/users\/1"}],"replies":[{"embeddable":true,"href":"https:\/\/blogdoedvaldomagalhaes.com.br\/index.php\/wp-json\/wp\/v2\/comments?post=107241"}],"version-history":[{"count":1,"href":"https:\/\/blogdoedvaldomagalhaes.com.br\/index.php\/wp-json\/wp\/v2\/posts\/107241\/revisions"}],"predecessor-version":[{"id":107243,"href":"https:\/\/blogdoedvaldomagalhaes.com.br\/index.php\/wp-json\/wp\/v2\/posts\/107241\/revisions\/107243"}],"wp:featuredmedia":[{"embeddable":true,"href":"https:\/\/blogdoedvaldomagalhaes.com.br\/index.php\/wp-json\/wp\/v2\/media\/107242"}],"wp:attachment":[{"href":"https:\/\/blogdoedvaldomagalhaes.com.br\/index.php\/wp-json\/wp\/v2\/media?parent=107241"}],"wp:term":[{"taxonomy":"category","embeddable":true,"href":"https:\/\/blogdoedvaldomagalhaes.com.br\/index.php\/wp-json\/wp\/v2\/categories?post=107241"},{"taxonomy":"post_tag","embeddable":true,"href":"https:\/\/blogdoedvaldomagalhaes.com.br\/index.php\/wp-json\/wp\/v2\/tags?post=107241"}],"curies":[{"name":"wp","href":"https:\/\/api.w.org\/{rel}","templated":true}]}}