{"id":107238,"date":"2024-04-08T17:12:17","date_gmt":"2024-04-08T20:12:17","guid":{"rendered":"https:\/\/blogdoedvaldomagalhaes.com.br\/?p=107238"},"modified":"2024-04-08T17:12:21","modified_gmt":"2024-04-08T20:12:21","slug":"corpo-de-bombeiros-alerta-para-os-cuidados-a-serem-tomados-para-evitar-incendios-residenciais","status":"publish","type":"post","link":"https:\/\/blogdoedvaldomagalhaes.com.br\/index.php\/2024\/04\/08\/corpo-de-bombeiros-alerta-para-os-cuidados-a-serem-tomados-para-evitar-incendios-residenciais\/","title":{"rendered":"Corpo de Bombeiros alerta para os cuidados a serem tomados para evitar inc\u00eandios residenciais"},"content":{"rendered":"<p><span style=\"font-size: revert;\">Nas \u00faltimas semanas, a regi\u00e3o metropolitana do Recife tem sido palco de tristes incidentes, com o registro de tr\u00eas grandes inc\u00eandios em edif\u00edcios, dois habitados e um em constru\u00e7\u00e3o. Diante desse cen\u00e1rio preocupante, \u00e9 crucial que a popula\u00e7\u00e3o esteja ciente dos cuidados a serem tomados dentro de casa para prevenir tais trag\u00e9dias. Al\u00e9m disso, \u00e9 fundamental que todos saibam como acionar prontamente o Corpo de Bombeiros Militar de Pernambuco em caso de emerg\u00eancia, garantindo uma resposta r\u00e1pida e eficaz.<\/span><\/p>\n<p>Para os condom\u00ednios, a regulariza\u00e7\u00e3o dos sistemas preventivos contra inc\u00eandio \u00e9 um passo fundamental para garantir a seguran\u00e7a de todos os moradores. \u00c9 essencial atender \u00e0s exig\u00eancias da Corpora\u00e7\u00e3o, seguindo \u00e0 risca as normas e diretrizes de preven\u00e7\u00e3o contra inc\u00eandios, visando proteger vidas e patrim\u00f4nios.<\/p>\n<p>Al\u00e9m disso, medidas simples, como estar em dia com a manuten\u00e7\u00e3o dos equipamentos, n\u00e3o sobrecarregar tomadas el\u00e9tricas e ter um plano de evacua\u00e7\u00e3o em caso de inc\u00eandio, podem contribuir significativamente para a seguran\u00e7a de nossas fam\u00edlias e comunidades. Caso todas essas medidas falhem, o n\u00famero 193 deve ser discado imediatamente para pronto acionamento das equipes de emerg\u00eancia do Corpo de Bombeiros Militar de Pernambuco. Foto: Divulga\u00e7\u00e3o<\/p>\n<p>Seja seguidor do Instagram do Blog @blogdoedvaldomagalhaes<\/p>\n","protected":false},"excerpt":{"rendered":"<p>Nas \u00faltimas semanas, a regi\u00e3o metropolitana do Recife tem sido palco de tristes incidentes, com o registro de tr\u00eas grandes&hellip;<\/p>\n","protected":false},"author":1,"featured_media":107239,"comment_status":"closed","ping_status":"open","sticky":false,"template":"","format":"standard","meta":{"footnotes":""},"categories":[14120],"tags":[29440,2,28801,3406,30190],"class_list":["post-107238","post","type-post","status-publish","format-standard","has-post-thumbnail","hentry","category-noticias","tag-blog-com-mais-visualizacao","tag-blog-do-edvaldo-magalhaes","tag-blog-mais-acessado","tag-caruaru","tag-corpo-de-bombeiros-alerta-para-os-cuidados-a-serem-tomados-para-evitar-incendios-residenciais"],"_links":{"self":[{"href":"https:\/\/blogdoedvaldomagalhaes.com.br\/index.php\/wp-json\/wp\/v2\/posts\/107238","targetHints":{"allow":["GET"]}}],"collection":[{"href":"https:\/\/blogdoedvaldomagalhaes.com.br\/index.php\/wp-json\/wp\/v2\/posts"}],"about":[{"href":"https:\/\/blogdoedvaldomagalhaes.com.br\/index.php\/wp-json\/wp\/v2\/types\/post"}],"author":[{"embeddable":true,"href":"https:\/\/blogdoedvaldomagalhaes.com.br\/index.php\/wp-json\/wp\/v2\/users\/1"}],"replies":[{"embeddable":true,"href":"https:\/\/blogdoedvaldomagalhaes.com.br\/index.php\/wp-json\/wp\/v2\/comments?post=107238"}],"version-history":[{"count":1,"href":"https:\/\/blogdoedvaldomagalhaes.com.br\/index.php\/wp-json\/wp\/v2\/posts\/107238\/revisions"}],"predecessor-version":[{"id":107240,"href":"https:\/\/blogdoedvaldomagalhaes.com.br\/index.php\/wp-json\/wp\/v2\/posts\/107238\/revisions\/107240"}],"wp:featuredmedia":[{"embeddable":true,"href":"https:\/\/blogdoedvaldomagalhaes.com.br\/index.php\/wp-json\/wp\/v2\/media\/107239"}],"wp:attachment":[{"href":"https:\/\/blogdoedvaldomagalhaes.com.br\/index.php\/wp-json\/wp\/v2\/media?parent=107238"}],"wp:term":[{"taxonomy":"category","embeddable":true,"href":"https:\/\/blogdoedvaldomagalhaes.com.br\/index.php\/wp-json\/wp\/v2\/categories?post=107238"},{"taxonomy":"post_tag","embeddable":true,"href":"https:\/\/blogdoedvaldomagalhaes.com.br\/index.php\/wp-json\/wp\/v2\/tags?post=107238"}],"curies":[{"name":"wp","href":"https:\/\/api.w.org\/{rel}","templated":true}]}}