{"id":107229,"date":"2024-04-08T11:14:40","date_gmt":"2024-04-08T14:14:40","guid":{"rendered":"https:\/\/blogdoedvaldomagalhaes.com.br\/?p=107229"},"modified":"2024-04-08T11:14:41","modified_gmt":"2024-04-08T14:14:41","slug":"suspeito-e-preso-pouco-depois-de-assassinato","status":"publish","type":"post","link":"https:\/\/blogdoedvaldomagalhaes.com.br\/index.php\/2024\/04\/08\/suspeito-e-preso-pouco-depois-de-assassinato\/","title":{"rendered":"Suspeito \u00e9 preso pouco depois de assassinato"},"content":{"rendered":"<p>Policiais militares do 8\u00ba BPM prenderam, na noite de domingo (07\/04), um homem que seria respons\u00e1vel por um homic\u00eddio, no S\u00edtio Apertado da Hora, distrito Mameluco, na zona rural de Serrita. Com ele foram apreendidos, ainda, armas e muni\u00e7\u00f5es.<\/p>\n<p>Durante patrulhamento ostensivo, por volta das 20h, o efetivo foi informado do assassinato e foi at\u00e9 a casa do suspeito, onde apreendeu 15 muni\u00e7\u00f5es calibre .38 e tr\u00eas de calibre 12, sendo duas deflagradas e uma recarregada.<\/p>\n<p>As dilig\u00eancias foram estendidas pelo terreiro da casa, onde foi encontrado um rev\u00f3lver calibre .38 com seis muni\u00e7\u00f5es e uma espingarda calibre 12 com dois canos e duas muni\u00e7\u00f5es. Pouco tempo depois, \u00e0s 22h20, o envolvido foi localizado e capturado, sendo a ocorr\u00eancia entregue na Delegacia de Salgueiro, para ado\u00e7\u00e3o das medidas cab\u00edveis.<\/p>\n<p>As investiga\u00e7\u00f5es da Pol\u00edcia Civil devem confirmar a autoria do homic\u00eddio e sua motiva\u00e7\u00e3o. Foto: Divulga\u00e7\u00e3o\/PMPE<\/p>\n<p>Seja seguidor do Instagram do Blog @blogdoedvaldomagalhaes<\/p>\n","protected":false},"excerpt":{"rendered":"<p>Policiais militares do 8\u00ba BPM prenderam, na noite de domingo (07\/04), um homem que seria respons\u00e1vel por um homic\u00eddio, no&hellip;<\/p>\n","protected":false},"author":1,"featured_media":107230,"comment_status":"closed","ping_status":"open","sticky":false,"template":"","format":"standard","meta":{"footnotes":""},"categories":[14121],"tags":[29440,2,28801,3406,5448,30189],"class_list":["post-107229","post","type-post","status-publish","format-standard","has-post-thumbnail","hentry","category-policial","tag-blog-com-mais-visualizacao","tag-blog-do-edvaldo-magalhaes","tag-blog-mais-acessado","tag-caruaru","tag-homicidio","tag-suspeito-e-preso-pouco-depois-de-assassinato"],"_links":{"self":[{"href":"https:\/\/blogdoedvaldomagalhaes.com.br\/index.php\/wp-json\/wp\/v2\/posts\/107229","targetHints":{"allow":["GET"]}}],"collection":[{"href":"https:\/\/blogdoedvaldomagalhaes.com.br\/index.php\/wp-json\/wp\/v2\/posts"}],"about":[{"href":"https:\/\/blogdoedvaldomagalhaes.com.br\/index.php\/wp-json\/wp\/v2\/types\/post"}],"author":[{"embeddable":true,"href":"https:\/\/blogdoedvaldomagalhaes.com.br\/index.php\/wp-json\/wp\/v2\/users\/1"}],"replies":[{"embeddable":true,"href":"https:\/\/blogdoedvaldomagalhaes.com.br\/index.php\/wp-json\/wp\/v2\/comments?post=107229"}],"version-history":[{"count":1,"href":"https:\/\/blogdoedvaldomagalhaes.com.br\/index.php\/wp-json\/wp\/v2\/posts\/107229\/revisions"}],"predecessor-version":[{"id":107231,"href":"https:\/\/blogdoedvaldomagalhaes.com.br\/index.php\/wp-json\/wp\/v2\/posts\/107229\/revisions\/107231"}],"wp:featuredmedia":[{"embeddable":true,"href":"https:\/\/blogdoedvaldomagalhaes.com.br\/index.php\/wp-json\/wp\/v2\/media\/107230"}],"wp:attachment":[{"href":"https:\/\/blogdoedvaldomagalhaes.com.br\/index.php\/wp-json\/wp\/v2\/media?parent=107229"}],"wp:term":[{"taxonomy":"category","embeddable":true,"href":"https:\/\/blogdoedvaldomagalhaes.com.br\/index.php\/wp-json\/wp\/v2\/categories?post=107229"},{"taxonomy":"post_tag","embeddable":true,"href":"https:\/\/blogdoedvaldomagalhaes.com.br\/index.php\/wp-json\/wp\/v2\/tags?post=107229"}],"curies":[{"name":"wp","href":"https:\/\/api.w.org\/{rel}","templated":true}]}}