{"id":107226,"date":"2024-04-08T11:02:02","date_gmt":"2024-04-08T14:02:02","guid":{"rendered":"https:\/\/blogdoedvaldomagalhaes.com.br\/?p=107226"},"modified":"2024-04-08T11:02:04","modified_gmt":"2024-04-08T14:02:04","slug":"pm-recupera-carga-de-tvs-e-prende-tres-pessoas","status":"publish","type":"post","link":"https:\/\/blogdoedvaldomagalhaes.com.br\/index.php\/2024\/04\/08\/pm-recupera-carga-de-tvs-e-prende-tres-pessoas\/","title":{"rendered":"PM recupera carga de TV&#8217;s e prende tr\u00eas pessoas"},"content":{"rendered":"<p>Policiais Militares do 24\u00ba BPM realizavam rondas em Santa Cruz do Capibaribe, na noite de s\u00e1bado (06), quando receberam informa\u00e7\u00f5es provenientes do 15\u00ba BPM de que um caminh\u00e3o da marca Volvo teria desviado da rota e estaria sendo monitorado via GPS.<\/p>\n<p>O ve\u00edculo foi localizado pelo pr\u00f3prio sistema da empresa como estando na \u00e1rea do 24\u00ba BPM, mais precisamente na zona rural de Jata\u00faba, no s\u00edtio Amarela. Diante disso, equipes realizaram deslocamento at\u00e9 o local indicado pela empresa de monitoramento. Ao chegar l\u00e1, constatou que o referido caminh\u00e3o estava estacionado e sendo descarregado por tr\u00eas indiv\u00edduos, momento em que foi dada voz de pris\u00e3o a cada um deles, tendo, contudo, os mencionados tentado fugir para dentro da vegeta\u00e7\u00e3o, sendo finalmente detidos e com eles foi encontrada uma carga de smart TVs, sendo 40 unidades de 55 polegadas, 160 unidades de 43 polegadas e 250 unidades de 32 polegadas, todas da marca SEMP.<\/p>\n<p>Al\u00e9m disso, no interior do caminh\u00e3o, foi localizado um dispositivo Jamp (chupa-cabra) e dois r\u00e1dios de comunica\u00e7\u00e3o Intelbras (Hand Talk). No local tamb\u00e9m se encontrava presente um ve\u00edculo Onix. Quando interrogados, o trio n\u00e3o soube dizer sobre o paradeiro do motorista da empresa que conduzia o caminh\u00e3o transportador da carga, tendo os tais informado que, quando contratados para fazer o descarregamento do ve\u00edculo, n\u00e3o chegaram a ver ou saber da exist\u00eancia do citado motorista. <\/p>\n<p>Os envolvidos e o material apreendido foram apresentados na Delegacia de Pol\u00edcia civil de Santa Cruz do Capibaribe para ado\u00e7\u00e3o das medidas legais. Foto: Divulga\u00e7\u00e3o\/PMPE<\/p>\n<p>Seja seguidor do Instagram do Blog @blogdoedvaldomagalhaes<\/p>\n","protected":false},"excerpt":{"rendered":"<p>Policiais Militares do 24\u00ba BPM realizavam rondas em Santa Cruz do Capibaribe, na noite de s\u00e1bado (06), quando receberam informa\u00e7\u00f5es&hellip;<\/p>\n","protected":false},"author":1,"featured_media":107227,"comment_status":"closed","ping_status":"open","sticky":false,"template":"","format":"standard","meta":{"footnotes":""},"categories":[14121],"tags":[29440,2,28801,3406,30188],"class_list":["post-107226","post","type-post","status-publish","format-standard","has-post-thumbnail","hentry","category-policial","tag-blog-com-mais-visualizacao","tag-blog-do-edvaldo-magalhaes","tag-blog-mais-acessado","tag-caruaru","tag-pm-recupera-carga-de-tvs-e-prende-tres-pessoas"],"_links":{"self":[{"href":"https:\/\/blogdoedvaldomagalhaes.com.br\/index.php\/wp-json\/wp\/v2\/posts\/107226","targetHints":{"allow":["GET"]}}],"collection":[{"href":"https:\/\/blogdoedvaldomagalhaes.com.br\/index.php\/wp-json\/wp\/v2\/posts"}],"about":[{"href":"https:\/\/blogdoedvaldomagalhaes.com.br\/index.php\/wp-json\/wp\/v2\/types\/post"}],"author":[{"embeddable":true,"href":"https:\/\/blogdoedvaldomagalhaes.com.br\/index.php\/wp-json\/wp\/v2\/users\/1"}],"replies":[{"embeddable":true,"href":"https:\/\/blogdoedvaldomagalhaes.com.br\/index.php\/wp-json\/wp\/v2\/comments?post=107226"}],"version-history":[{"count":1,"href":"https:\/\/blogdoedvaldomagalhaes.com.br\/index.php\/wp-json\/wp\/v2\/posts\/107226\/revisions"}],"predecessor-version":[{"id":107228,"href":"https:\/\/blogdoedvaldomagalhaes.com.br\/index.php\/wp-json\/wp\/v2\/posts\/107226\/revisions\/107228"}],"wp:featuredmedia":[{"embeddable":true,"href":"https:\/\/blogdoedvaldomagalhaes.com.br\/index.php\/wp-json\/wp\/v2\/media\/107227"}],"wp:attachment":[{"href":"https:\/\/blogdoedvaldomagalhaes.com.br\/index.php\/wp-json\/wp\/v2\/media?parent=107226"}],"wp:term":[{"taxonomy":"category","embeddable":true,"href":"https:\/\/blogdoedvaldomagalhaes.com.br\/index.php\/wp-json\/wp\/v2\/categories?post=107226"},{"taxonomy":"post_tag","embeddable":true,"href":"https:\/\/blogdoedvaldomagalhaes.com.br\/index.php\/wp-json\/wp\/v2\/tags?post=107226"}],"curies":[{"name":"wp","href":"https:\/\/api.w.org\/{rel}","templated":true}]}}