{"id":107222,"date":"2024-04-08T09:42:46","date_gmt":"2024-04-08T12:42:46","guid":{"rendered":"https:\/\/blogdoedvaldomagalhaes.com.br\/?p=107222"},"modified":"2024-04-08T09:42:47","modified_gmt":"2024-04-08T12:42:47","slug":"inscricoes-abertas-para-oficina-de-literatura-de-cordel-gratuita-em-caruaru","status":"publish","type":"post","link":"https:\/\/blogdoedvaldomagalhaes.com.br\/index.php\/2024\/04\/08\/inscricoes-abertas-para-oficina-de-literatura-de-cordel-gratuita-em-caruaru\/","title":{"rendered":"Inscri\u00e7\u00f5es abertas para oficina de Literatura de Cordel gratuita em Caruaru"},"content":{"rendered":"<p>O cordelista J\u00e9nerson Alves ministrar\u00e1 uma oficina sobre os segredos da Literatura de Cordel. A atividade acontecer\u00e1 no pr\u00f3ximo fim de semana e contar\u00e1 com dois encontros: o primeiro no s\u00e1bado (13), das 14h \u00e0s 17h, e o segundo no domingo (14), das 8h \u00e0s 11h. A oficina ser\u00e1 ministrada no Teatro Prazeres Barbosa Espa\u00e7o Nerisvaldo Alves, localizado na Rua Barreiros, bairro Caiuc\u00e1, n\u00famero 148.<\/p>\n<p>A oficina \u00e9 gratuita e faz parte do projeto Versejando em Verso Puro, que conta com incentivo da Lei Paulo Gustavo.<\/p>\n<p>As inscri\u00e7\u00f5es est\u00e3o abertas e podem ser feitas on-line, com o preenchimento do seguinte formul\u00e1rio: https:\/\/forms.gle\/qgzdpEgad3xKkzFy5<\/p>\n<p>Seja seguidor do Instagram do Blog @blogdoedvaldomagalhaes<\/p>\n<p>Foto: Divulga\u00e7\u00e3o <\/p>\n","protected":false},"excerpt":{"rendered":"<p>O cordelista J\u00e9nerson Alves ministrar\u00e1 uma oficina sobre os segredos da Literatura de Cordel. A atividade acontecer\u00e1 no pr\u00f3ximo fim&hellip;<\/p>\n","protected":false},"author":1,"featured_media":107223,"comment_status":"closed","ping_status":"open","sticky":false,"template":"","format":"standard","meta":{"footnotes":""},"categories":[14120],"tags":[29440,2,28801,3406,30187],"class_list":["post-107222","post","type-post","status-publish","format-standard","has-post-thumbnail","hentry","category-noticias","tag-blog-com-mais-visualizacao","tag-blog-do-edvaldo-magalhaes","tag-blog-mais-acessado","tag-caruaru","tag-inscricoes-abertas-para-oficina-de-literatura-de-cordel-gratuita-em-caruaru"],"_links":{"self":[{"href":"https:\/\/blogdoedvaldomagalhaes.com.br\/index.php\/wp-json\/wp\/v2\/posts\/107222","targetHints":{"allow":["GET"]}}],"collection":[{"href":"https:\/\/blogdoedvaldomagalhaes.com.br\/index.php\/wp-json\/wp\/v2\/posts"}],"about":[{"href":"https:\/\/blogdoedvaldomagalhaes.com.br\/index.php\/wp-json\/wp\/v2\/types\/post"}],"author":[{"embeddable":true,"href":"https:\/\/blogdoedvaldomagalhaes.com.br\/index.php\/wp-json\/wp\/v2\/users\/1"}],"replies":[{"embeddable":true,"href":"https:\/\/blogdoedvaldomagalhaes.com.br\/index.php\/wp-json\/wp\/v2\/comments?post=107222"}],"version-history":[{"count":1,"href":"https:\/\/blogdoedvaldomagalhaes.com.br\/index.php\/wp-json\/wp\/v2\/posts\/107222\/revisions"}],"predecessor-version":[{"id":107224,"href":"https:\/\/blogdoedvaldomagalhaes.com.br\/index.php\/wp-json\/wp\/v2\/posts\/107222\/revisions\/107224"}],"wp:featuredmedia":[{"embeddable":true,"href":"https:\/\/blogdoedvaldomagalhaes.com.br\/index.php\/wp-json\/wp\/v2\/media\/107223"}],"wp:attachment":[{"href":"https:\/\/blogdoedvaldomagalhaes.com.br\/index.php\/wp-json\/wp\/v2\/media?parent=107222"}],"wp:term":[{"taxonomy":"category","embeddable":true,"href":"https:\/\/blogdoedvaldomagalhaes.com.br\/index.php\/wp-json\/wp\/v2\/categories?post=107222"},{"taxonomy":"post_tag","embeddable":true,"href":"https:\/\/blogdoedvaldomagalhaes.com.br\/index.php\/wp-json\/wp\/v2\/tags?post=107222"}],"curies":[{"name":"wp","href":"https:\/\/api.w.org\/{rel}","templated":true}]}}