{"id":107202,"date":"2024-04-07T22:39:15","date_gmt":"2024-04-08T01:39:15","guid":{"rendered":"https:\/\/blogdoedvaldomagalhaes.com.br\/?p=107202"},"modified":"2024-04-08T13:29:34","modified_gmt":"2024-04-08T16:29:34","slug":"ruas-no-entorno-da-praca-do-rosario-sao-interditadas-para-obra-de-recapeamento-nesta-segunda-feira-08","status":"publish","type":"post","link":"https:\/\/blogdoedvaldomagalhaes.com.br\/index.php\/2024\/04\/07\/ruas-no-entorno-da-praca-do-rosario-sao-interditadas-para-obra-de-recapeamento-nesta-segunda-feira-08\/","title":{"rendered":"Ruas no entorno da Pra\u00e7a do Ros\u00e1rio s\u00e3o interditadas para obra de recapeamento nesta segunda-feira (08)"},"content":{"rendered":"<p>A Autarquia de Mobilidade, Tr\u00e2nsito e Transportes de Caruaru (AMTTC) informa que, nesta segunda-feira (08), a partir das 06h, as vias adjacentes \u00e0 Pra\u00e7a do Ros\u00e1rio estar\u00e3o interditadas.A mudan\u00e7a se d\u00e1 devido ao asfaltamento das vias. Na \u00e1rea, ser\u00e3o implantadas canaliza\u00e7\u00f5es para melhor compreens\u00e3o dos motoristas e de toda a popula\u00e7\u00e3o quanto ao sentido das vias.Conforme indicado no mapa, o tr\u00e1fego estar\u00e1 bloqueado no sentido da Rua Nunes Machado, com desvio para os Guararapes. Para quem vem pelo Terminal Leste, ser\u00e1 necess\u00e1rio desviar pela Rua Mestre Tota.<\/p>\n<p><span style=\"font-size: revert;\">Fotos da pra\u00e7a do Ros\u00e1rio: Blog do Edvaldo Magalh\u00e3es\u00a0<\/span><\/p>\n<p>Seja seguidor do Instagram do Blog @blogdoedvaldomagalhaes<img decoding=\"async\" class=\"size-full\" src=\"https:\/\/blogdoedvaldomagalhaes.com.br\/wp-content\/uploads\/2024\/04\/img-20240407-wa013584427779687692962.jpg\" data-wpid=\"1169\" \/><\/p>\n\n\n<figure class=\"wp-block-image size-large\"><img loading=\"lazy\" decoding=\"async\" width=\"1024\" height=\"768\" src=\"https:\/\/blogdoedvaldomagalhaes.com.br\/wp-content\/uploads\/2024\/04\/IMG_5421-1024x768.jpeg\" alt=\"\" class=\"wp-image-107233\" srcset=\"https:\/\/blogdoedvaldomagalhaes.com.br\/wp-content\/uploads\/2024\/04\/IMG_5421-1024x768.jpeg 1024w, https:\/\/blogdoedvaldomagalhaes.com.br\/wp-content\/uploads\/2024\/04\/IMG_5421-300x225.jpeg 300w, https:\/\/blogdoedvaldomagalhaes.com.br\/wp-content\/uploads\/2024\/04\/IMG_5421-768x576.jpeg 768w, https:\/\/blogdoedvaldomagalhaes.com.br\/wp-content\/uploads\/2024\/04\/IMG_5421-1536x1152.jpeg 1536w, https:\/\/blogdoedvaldomagalhaes.com.br\/wp-content\/uploads\/2024\/04\/IMG_5421-2048x1536.jpeg 2048w, https:\/\/blogdoedvaldomagalhaes.com.br\/wp-content\/uploads\/2024\/04\/IMG_5421-160x120.jpeg 160w\" sizes=\"auto, (max-width: 1024px) 100vw, 1024px\" \/><\/figure>\n","protected":false},"excerpt":{"rendered":"<p>A Autarquia de Mobilidade, Tr\u00e2nsito e Transportes de Caruaru (AMTTC) informa que, nesta segunda-feira (08), a partir das 06h, as&hellip;<\/p>\n","protected":false},"author":1,"featured_media":107232,"comment_status":"closed","ping_status":"open","sticky":false,"template":"","format":"standard","meta":{"footnotes":""},"categories":[14120],"tags":[29440,2,28801,3406,30185],"class_list":["post-107202","post","type-post","status-publish","format-standard","has-post-thumbnail","hentry","category-noticias","tag-blog-com-mais-visualizacao","tag-blog-do-edvaldo-magalhaes","tag-blog-mais-acessado","tag-caruaru","tag-ruas-no-entorno-da-praca-do-rosario-sao-interditadas-para-obra-de-recapeamento-nesta-segunda-feira-08"],"_links":{"self":[{"href":"https:\/\/blogdoedvaldomagalhaes.com.br\/index.php\/wp-json\/wp\/v2\/posts\/107202","targetHints":{"allow":["GET"]}}],"collection":[{"href":"https:\/\/blogdoedvaldomagalhaes.com.br\/index.php\/wp-json\/wp\/v2\/posts"}],"about":[{"href":"https:\/\/blogdoedvaldomagalhaes.com.br\/index.php\/wp-json\/wp\/v2\/types\/post"}],"author":[{"embeddable":true,"href":"https:\/\/blogdoedvaldomagalhaes.com.br\/index.php\/wp-json\/wp\/v2\/users\/1"}],"replies":[{"embeddable":true,"href":"https:\/\/blogdoedvaldomagalhaes.com.br\/index.php\/wp-json\/wp\/v2\/comments?post=107202"}],"version-history":[{"count":7,"href":"https:\/\/blogdoedvaldomagalhaes.com.br\/index.php\/wp-json\/wp\/v2\/posts\/107202\/revisions"}],"predecessor-version":[{"id":107237,"href":"https:\/\/blogdoedvaldomagalhaes.com.br\/index.php\/wp-json\/wp\/v2\/posts\/107202\/revisions\/107237"}],"wp:featuredmedia":[{"embeddable":true,"href":"https:\/\/blogdoedvaldomagalhaes.com.br\/index.php\/wp-json\/wp\/v2\/media\/107232"}],"wp:attachment":[{"href":"https:\/\/blogdoedvaldomagalhaes.com.br\/index.php\/wp-json\/wp\/v2\/media?parent=107202"}],"wp:term":[{"taxonomy":"category","embeddable":true,"href":"https:\/\/blogdoedvaldomagalhaes.com.br\/index.php\/wp-json\/wp\/v2\/categories?post=107202"},{"taxonomy":"post_tag","embeddable":true,"href":"https:\/\/blogdoedvaldomagalhaes.com.br\/index.php\/wp-json\/wp\/v2\/tags?post=107202"}],"curies":[{"name":"wp","href":"https:\/\/api.w.org\/{rel}","templated":true}]}}