{"id":107191,"date":"2024-04-07T10:21:45","date_gmt":"2024-04-07T13:21:45","guid":{"rendered":"https:\/\/blogdoedvaldomagalhaes.com.br\/?p=107191"},"modified":"2024-04-07T10:21:46","modified_gmt":"2024-04-07T13:21:46","slug":"veiculo-que-transportava-800-kg-de-maconha-colide-em-cerca-apos-perseguicao-da-pm","status":"publish","type":"post","link":"https:\/\/blogdoedvaldomagalhaes.com.br\/index.php\/2024\/04\/07\/veiculo-que-transportava-800-kg-de-maconha-colide-em-cerca-apos-perseguicao-da-pm\/","title":{"rendered":"Ve\u00edculo que transportava 800 kg de maconha colide em cerca, ap\u00f3s persegui\u00e7\u00e3o da PM"},"content":{"rendered":"<p><span style=\"font-size: revert;\">Na noite desse s\u00e1bado 06), uma equipe do 3\u00ba BPM apreendeu um ve\u00edculo que transportava, aproximadamente, 800 kg de maconha, na Zona Rural do munic\u00edpio de Ibimirim.<\/span><\/p>\n<p>Durante o patrulhamento, o efetivo visualizou dois ve\u00edculos suspeitos com uma carga coberta por uma lona, na PE \u2013 336. Ao perceber a aproxima\u00e7\u00e3o da viatura, os ve\u00edculos se separaram tomando destinos diferentes. Os PMs conseguiram acompanhar um deles, que tentou fugir por outra estrada e acabou colidindo com uma cerca.<\/p>\n<p>Dois suspeitos abandonaram o carro e fugiram pela caatinga. Durante a abordagem ao ve\u00edculo, foi encontrado o entorpecente na carroceria e um aparelho de celular. Foram realizadas dilig\u00eancias, mas eles n\u00e3o foram localizados. A ocorr\u00eancia foi encaminhada para a Delegacia de Arcoverde para serem adotadas as medidas cab\u00edveis.<\/p>\n<p>Foto: Divulga\u00e7\u00e3o\/PMPE<\/p>\n<p>Seja seguidor do Instagram do Blog @blogdoedvaldomagalhaes<\/p>\n","protected":false},"excerpt":{"rendered":"<p>Na noite desse s\u00e1bado 06), uma equipe do 3\u00ba BPM apreendeu um ve\u00edculo que transportava, aproximadamente, 800 kg de maconha,&hellip;<\/p>\n","protected":false},"author":1,"featured_media":107192,"comment_status":"closed","ping_status":"open","sticky":false,"template":"","format":"standard","meta":{"footnotes":""},"categories":[14121],"tags":[29440,2,28801,3406,30182],"class_list":["post-107191","post","type-post","status-publish","format-standard","has-post-thumbnail","hentry","category-policial","tag-blog-com-mais-visualizacao","tag-blog-do-edvaldo-magalhaes","tag-blog-mais-acessado","tag-caruaru","tag-veiculo-que-transportava-800-kg-de-maconha-colide-em-cerca-apos-perseguicao-da-pm"],"_links":{"self":[{"href":"https:\/\/blogdoedvaldomagalhaes.com.br\/index.php\/wp-json\/wp\/v2\/posts\/107191","targetHints":{"allow":["GET"]}}],"collection":[{"href":"https:\/\/blogdoedvaldomagalhaes.com.br\/index.php\/wp-json\/wp\/v2\/posts"}],"about":[{"href":"https:\/\/blogdoedvaldomagalhaes.com.br\/index.php\/wp-json\/wp\/v2\/types\/post"}],"author":[{"embeddable":true,"href":"https:\/\/blogdoedvaldomagalhaes.com.br\/index.php\/wp-json\/wp\/v2\/users\/1"}],"replies":[{"embeddable":true,"href":"https:\/\/blogdoedvaldomagalhaes.com.br\/index.php\/wp-json\/wp\/v2\/comments?post=107191"}],"version-history":[{"count":1,"href":"https:\/\/blogdoedvaldomagalhaes.com.br\/index.php\/wp-json\/wp\/v2\/posts\/107191\/revisions"}],"predecessor-version":[{"id":107193,"href":"https:\/\/blogdoedvaldomagalhaes.com.br\/index.php\/wp-json\/wp\/v2\/posts\/107191\/revisions\/107193"}],"wp:featuredmedia":[{"embeddable":true,"href":"https:\/\/blogdoedvaldomagalhaes.com.br\/index.php\/wp-json\/wp\/v2\/media\/107192"}],"wp:attachment":[{"href":"https:\/\/blogdoedvaldomagalhaes.com.br\/index.php\/wp-json\/wp\/v2\/media?parent=107191"}],"wp:term":[{"taxonomy":"category","embeddable":true,"href":"https:\/\/blogdoedvaldomagalhaes.com.br\/index.php\/wp-json\/wp\/v2\/categories?post=107191"},{"taxonomy":"post_tag","embeddable":true,"href":"https:\/\/blogdoedvaldomagalhaes.com.br\/index.php\/wp-json\/wp\/v2\/tags?post=107191"}],"curies":[{"name":"wp","href":"https:\/\/api.w.org\/{rel}","templated":true}]}}