{"id":107183,"date":"2024-04-07T09:15:20","date_gmt":"2024-04-07T12:15:20","guid":{"rendered":"https:\/\/blogdoedvaldomagalhaes.com.br\/?p=107183"},"modified":"2024-04-07T09:15:20","modified_gmt":"2024-04-07T12:15:20","slug":"operacao-madrugada-segura-da-pm-prende-5-pessoas-apreende-celular-roubado-e-drogas-em-festa","status":"publish","type":"post","link":"https:\/\/blogdoedvaldomagalhaes.com.br\/index.php\/2024\/04\/07\/operacao-madrugada-segura-da-pm-prende-5-pessoas-apreende-celular-roubado-e-drogas-em-festa\/","title":{"rendered":"Opera\u00e7\u00e3o Madrugada Segura da PM prende 5 pessoas, apreende celular roubado e drogas, em festa"},"content":{"rendered":"<p><span style=\"font-size: revert;\">Neste domingo (07.06), por volta de 00h00, dando prosseguimento ao plano de a\u00e7\u00e3o do 15\u00baBPM e inicio da Opera\u00e7\u00e3o Madrugada Segura, ap\u00f3s receber informa\u00e7\u00f5es de que no local indicado (clube\/piscina) no bairro *Cohab 3* estaria ocorrendo um evento festivo, com uma aglomera\u00e7\u00e3o de pessoas, ingerindo bebida alco\u00f3lica e fazendo uso de entorpecentes. De pronto, as equipes *GATI, RC 1500 e GT15111*, seguiram ao local indicado e realizaram as abordagens, sendo apreendido *uma posse de coca\u00edna* com o imputado 02 *F.C.D.S.*, um *celular XIAOMI Redmi Note, de cor branca* com queixa de roubo\/furto, com a imputada 01 *E.D.S.S.*, e 03 indiv\u00edduos *L.G.M.D.S.*, *E.L* e *A.L.D.B.* com tornozeleira eletr\u00f4nica, caracterizando assim quebra de per\u00edmetro, al\u00e9m dos mesmos estarem em estabelecimento onde se comercializava bebida alco\u00f3lica. Com a materialidade e os imputados, todos foram apresentados na DP de plant\u00e3o de Belo Jardim para serem tomadas as devidas provid\u00eancias, resultando em *TCO* para os envolvidos 01 e 02, libera\u00e7\u00e3o dos envolvidos 03,04 e 05 ap\u00f3s assinatura de um termo na DP. Foto: Divulga\u00e7\u00e3o\/<\/span><span style=\"font-size: revert;\">PM<\/span><\/p>\n<p>Seja seguidor do Instagram do Blog @blogdoedvaldomagalhaes<\/p>\n","protected":false},"excerpt":{"rendered":"<p>Neste domingo (07.06), por volta de 00h00, dando prosseguimento ao plano de a\u00e7\u00e3o do 15\u00baBPM e inicio da Opera\u00e7\u00e3o Madrugada&hellip;<\/p>\n","protected":false},"author":1,"featured_media":107184,"comment_status":"closed","ping_status":"open","sticky":false,"template":"","format":"standard","meta":{"footnotes":""},"categories":[14121],"tags":[29440,2,28801,3406,30180],"class_list":["post-107183","post","type-post","status-publish","format-standard","has-post-thumbnail","hentry","category-policial","tag-blog-com-mais-visualizacao","tag-blog-do-edvaldo-magalhaes","tag-blog-mais-acessado","tag-caruaru","tag-operacao-madrugada-segura-da-pm-prende-pessoas-apreende-celular-roubado-e-droga-em-festa"],"_links":{"self":[{"href":"https:\/\/blogdoedvaldomagalhaes.com.br\/index.php\/wp-json\/wp\/v2\/posts\/107183","targetHints":{"allow":["GET"]}}],"collection":[{"href":"https:\/\/blogdoedvaldomagalhaes.com.br\/index.php\/wp-json\/wp\/v2\/posts"}],"about":[{"href":"https:\/\/blogdoedvaldomagalhaes.com.br\/index.php\/wp-json\/wp\/v2\/types\/post"}],"author":[{"embeddable":true,"href":"https:\/\/blogdoedvaldomagalhaes.com.br\/index.php\/wp-json\/wp\/v2\/users\/1"}],"replies":[{"embeddable":true,"href":"https:\/\/blogdoedvaldomagalhaes.com.br\/index.php\/wp-json\/wp\/v2\/comments?post=107183"}],"version-history":[{"count":1,"href":"https:\/\/blogdoedvaldomagalhaes.com.br\/index.php\/wp-json\/wp\/v2\/posts\/107183\/revisions"}],"predecessor-version":[{"id":107185,"href":"https:\/\/blogdoedvaldomagalhaes.com.br\/index.php\/wp-json\/wp\/v2\/posts\/107183\/revisions\/107185"}],"wp:featuredmedia":[{"embeddable":true,"href":"https:\/\/blogdoedvaldomagalhaes.com.br\/index.php\/wp-json\/wp\/v2\/media\/107184"}],"wp:attachment":[{"href":"https:\/\/blogdoedvaldomagalhaes.com.br\/index.php\/wp-json\/wp\/v2\/media?parent=107183"}],"wp:term":[{"taxonomy":"category","embeddable":true,"href":"https:\/\/blogdoedvaldomagalhaes.com.br\/index.php\/wp-json\/wp\/v2\/categories?post=107183"},{"taxonomy":"post_tag","embeddable":true,"href":"https:\/\/blogdoedvaldomagalhaes.com.br\/index.php\/wp-json\/wp\/v2\/tags?post=107183"}],"curies":[{"name":"wp","href":"https:\/\/api.w.org\/{rel}","templated":true}]}}