{"id":107180,"date":"2024-04-07T09:00:13","date_gmt":"2024-04-07T12:00:13","guid":{"rendered":"https:\/\/blogdoedvaldomagalhaes.com.br\/?p=107180"},"modified":"2024-04-07T09:00:13","modified_gmt":"2024-04-07T12:00:13","slug":"em-harvard-governadora-raquel-lyra-debate-politicas-publicas-e-educacao-com-estudantes-de-varias-universidades-dos-estados-unidos","status":"publish","type":"post","link":"https:\/\/blogdoedvaldomagalhaes.com.br\/index.php\/2024\/04\/07\/em-harvard-governadora-raquel-lyra-debate-politicas-publicas-e-educacao-com-estudantes-de-varias-universidades-dos-estados-unidos\/","title":{"rendered":"Em Harvard, governadora Raquel Lyra debate pol\u00edticas p\u00fablicas e educa\u00e7\u00e3o com estudantes de v\u00e1rias universidades dos Estados Unidos\u200b"},"content":{"rendered":"<p><span style=\"font-size: revert;\">No primeiro dia da Brazil Conference 2024, que acontece em Boston, nos EUA, a governadora Raquel Lyra debateu pol\u00edticas p\u00fablicas com um grupo de estudantes brasileiros da Universidade de Harvard e outras institui\u00e7\u00f5es americanas. Durante o encontro, neste s\u00e1bado (6), a gestora falou da sua trajet\u00f3ria na vida p\u00fablica, desafios da gest\u00e3o, \u00e1reas priorit\u00e1rias e resultados do Governo do Estado.<\/span><\/p>\n<p>&#8220;Estamos fazendo o maior investimento da hist\u00f3ria na rede p\u00fablica de ensino do estado de Pernambuco, aportando R$ 5,5 bilh\u00f5es para o Juntos pela Educa\u00e7\u00e3o. Um or\u00e7amento j\u00e1 assegurado para promover a mudan\u00e7a e a melhoria na educa\u00e7\u00e3o dos jovens pernambucanos. E hoje tive a oportunidade de realizar essa troca com universit\u00e1rios, assim como membros da Funda\u00e7\u00e3o Leman, para discutir os desafios e as solu\u00e7\u00f5es para este tema que \u00e9 prioridade na nossa gest\u00e3o&#8221;, detalhou Raquel Lyra.<\/p>\n<p>O bate-papo foi mediado pela integrante da Comunidade Brasil on Campus Funda\u00e7\u00e3o Lemann, Susane Santos. &#8220;Quero agradecer \u00e0 governadora por esse momento incr\u00edvel de troca. Me senti inspirada enquanto mulher e pessoa que pensa em pol\u00edticas p\u00fablicas de impacto para o Brasil. Conversamos sobre a\u00e7\u00f5es efetivas e t\u00e9cnicas, que aplicadas na pr\u00e1tica conseguem trazer bem-estar para a popula\u00e7\u00e3o&#8221;, afirmou Susane.<\/p>\n<p>A organiza\u00e7\u00e3o filantr\u00f3pica atua para promover o acesso \u00e0 educa\u00e7\u00e3o aos jovens. Em paralelo \u00e0 programa\u00e7\u00e3o da Brazil Conference, a governadora ainda esteve reunida com o presidente do Google Brasil, F\u00e1bio Coelho, a diretora de Pol\u00edticas P\u00fablicas para as Am\u00e9ricas, Alexandra Veitch e a gerente de pol\u00edticas p\u00fablicas do Google para o Brasil, Alana Rizzo. Em pauta neste encontro, a possibilidade de futuras parcerias nas \u00e1reas de inova\u00e7\u00e3o e educa\u00e7\u00e3o em Pernambuco.<\/p>\n<p>Estiveram presentes os secret\u00e1rios Rodolfo Costa Pinto (Comunica\u00e7\u00e3o), Fernando Holanda (Assessoria Especial e Rela\u00e7\u00f5es Internacionais ) e Daniella Brito (executiva de Imprensa. \u00a0<span style=\"font-size: revert;\">Foto: Divulga\u00e7\u00e3o.<\/span><\/p>\n<p>Seja seguidor do Instagram do Blog @blogdoedvaldomagalhaes<\/p>\n","protected":false},"excerpt":{"rendered":"<p>No primeiro dia da Brazil Conference 2024, que acontece em Boston, nos EUA, a governadora Raquel Lyra debateu pol\u00edticas p\u00fablicas&hellip;<\/p>\n","protected":false},"author":1,"featured_media":107181,"comment_status":"closed","ping_status":"open","sticky":false,"template":"","format":"standard","meta":{"footnotes":""},"categories":[14122],"tags":[29440,2,28801,3406,30179,20295],"class_list":["post-107180","post","type-post","status-publish","format-standard","has-post-thumbnail","hentry","category-politica","tag-blog-com-mais-visualizacao","tag-blog-do-edvaldo-magalhaes","tag-blog-mais-acessado","tag-caruaru","tag-em-harvard-governadora-raquel-lyra-debate-politicas-publicas-e-educacao-com-estudantes-de-varias-universidades-dos-estados-unidos","tag-politica-2"],"_links":{"self":[{"href":"https:\/\/blogdoedvaldomagalhaes.com.br\/index.php\/wp-json\/wp\/v2\/posts\/107180","targetHints":{"allow":["GET"]}}],"collection":[{"href":"https:\/\/blogdoedvaldomagalhaes.com.br\/index.php\/wp-json\/wp\/v2\/posts"}],"about":[{"href":"https:\/\/blogdoedvaldomagalhaes.com.br\/index.php\/wp-json\/wp\/v2\/types\/post"}],"author":[{"embeddable":true,"href":"https:\/\/blogdoedvaldomagalhaes.com.br\/index.php\/wp-json\/wp\/v2\/users\/1"}],"replies":[{"embeddable":true,"href":"https:\/\/blogdoedvaldomagalhaes.com.br\/index.php\/wp-json\/wp\/v2\/comments?post=107180"}],"version-history":[{"count":1,"href":"https:\/\/blogdoedvaldomagalhaes.com.br\/index.php\/wp-json\/wp\/v2\/posts\/107180\/revisions"}],"predecessor-version":[{"id":107182,"href":"https:\/\/blogdoedvaldomagalhaes.com.br\/index.php\/wp-json\/wp\/v2\/posts\/107180\/revisions\/107182"}],"wp:featuredmedia":[{"embeddable":true,"href":"https:\/\/blogdoedvaldomagalhaes.com.br\/index.php\/wp-json\/wp\/v2\/media\/107181"}],"wp:attachment":[{"href":"https:\/\/blogdoedvaldomagalhaes.com.br\/index.php\/wp-json\/wp\/v2\/media?parent=107180"}],"wp:term":[{"taxonomy":"category","embeddable":true,"href":"https:\/\/blogdoedvaldomagalhaes.com.br\/index.php\/wp-json\/wp\/v2\/categories?post=107180"},{"taxonomy":"post_tag","embeddable":true,"href":"https:\/\/blogdoedvaldomagalhaes.com.br\/index.php\/wp-json\/wp\/v2\/tags?post=107180"}],"curies":[{"name":"wp","href":"https:\/\/api.w.org\/{rel}","templated":true}]}}