{"id":107172,"date":"2024-04-06T19:37:00","date_gmt":"2024-04-06T22:37:00","guid":{"rendered":"https:\/\/blogdoedvaldomagalhaes.com.br\/?p=107172"},"modified":"2024-04-06T19:42:42","modified_gmt":"2024-04-06T22:42:42","slug":"homem-e-assassinado-dentro-de-casa-em-caruaru","status":"publish","type":"post","link":"https:\/\/blogdoedvaldomagalhaes.com.br\/index.php\/2024\/04\/06\/homem-e-assassinado-dentro-de-casa-em-caruaru\/","title":{"rendered":"Homem \u00e9 assassinado dentro de casa em Caruaru"},"content":{"rendered":"<p>Um homem foi assassinado no final da tarde deste s\u00e1bado (06.04), na rua Projetada, no Loteamento Parque Real, em Caruaru.<\/p>\n<p>A v\u00edtima foi Sandro Bezerra Tavares, 51 anos de idade,. Ele foi morto a tiros dentro de casa. Ainda n\u00e3o h\u00e1 informa\u00e7\u00e3o sobre autoria e motiva\u00e7\u00e3o do assassinato.<\/p>\n<p>Esse foi o 1\u2022 homic\u00eddio do m\u00eas de abril, e o 33\u2022 no ano de 2024, em Caruaru.<\/p>\n<p>Seja seguidor do Instagram do Blog para comentar @blogdoedvaldomagalhaes<\/p>\n","protected":false},"excerpt":{"rendered":"<p>Um homem foi assassinado no final da tarde deste s\u00e1bado (06.04), na rua Projetada, no Loteamento Parque Real, em Caruaru.&hellip;<\/p>\n","protected":false},"author":1,"featured_media":107173,"comment_status":"closed","ping_status":"open","sticky":false,"template":"","format":"standard","meta":{"footnotes":""},"categories":[14121],"tags":[2,28801,3406,30177],"class_list":["post-107172","post","type-post","status-publish","format-standard","has-post-thumbnail","hentry","category-policial","tag-blog-do-edvaldo-magalhaes","tag-blog-mais-acessado","tag-caruaru","tag-homem-e-assassinado-dentro-de-casa-em-caruaru"],"_links":{"self":[{"href":"https:\/\/blogdoedvaldomagalhaes.com.br\/index.php\/wp-json\/wp\/v2\/posts\/107172","targetHints":{"allow":["GET"]}}],"collection":[{"href":"https:\/\/blogdoedvaldomagalhaes.com.br\/index.php\/wp-json\/wp\/v2\/posts"}],"about":[{"href":"https:\/\/blogdoedvaldomagalhaes.com.br\/index.php\/wp-json\/wp\/v2\/types\/post"}],"author":[{"embeddable":true,"href":"https:\/\/blogdoedvaldomagalhaes.com.br\/index.php\/wp-json\/wp\/v2\/users\/1"}],"replies":[{"embeddable":true,"href":"https:\/\/blogdoedvaldomagalhaes.com.br\/index.php\/wp-json\/wp\/v2\/comments?post=107172"}],"version-history":[{"count":1,"href":"https:\/\/blogdoedvaldomagalhaes.com.br\/index.php\/wp-json\/wp\/v2\/posts\/107172\/revisions"}],"predecessor-version":[{"id":107174,"href":"https:\/\/blogdoedvaldomagalhaes.com.br\/index.php\/wp-json\/wp\/v2\/posts\/107172\/revisions\/107174"}],"wp:featuredmedia":[{"embeddable":true,"href":"https:\/\/blogdoedvaldomagalhaes.com.br\/index.php\/wp-json\/wp\/v2\/media\/107173"}],"wp:attachment":[{"href":"https:\/\/blogdoedvaldomagalhaes.com.br\/index.php\/wp-json\/wp\/v2\/media?parent=107172"}],"wp:term":[{"taxonomy":"category","embeddable":true,"href":"https:\/\/blogdoedvaldomagalhaes.com.br\/index.php\/wp-json\/wp\/v2\/categories?post=107172"},{"taxonomy":"post_tag","embeddable":true,"href":"https:\/\/blogdoedvaldomagalhaes.com.br\/index.php\/wp-json\/wp\/v2\/tags?post=107172"}],"curies":[{"name":"wp","href":"https:\/\/api.w.org\/{rel}","templated":true}]}}