{"id":107169,"date":"2024-04-06T18:23:01","date_gmt":"2024-04-06T21:23:01","guid":{"rendered":"https:\/\/blogdoedvaldomagalhaes.com.br\/?p=107169"},"modified":"2024-04-06T18:23:01","modified_gmt":"2024-04-06T21:23:01","slug":"governadora-raquel-lyra-representa-pernambuco-no-primeiro-dia-da-brazil-conference-2024-em-harvard","status":"publish","type":"post","link":"https:\/\/blogdoedvaldomagalhaes.com.br\/index.php\/2024\/04\/06\/governadora-raquel-lyra-representa-pernambuco-no-primeiro-dia-da-brazil-conference-2024-em-harvard\/","title":{"rendered":"Governadora Raquel Lyra representa Pernambuco no primeiro dia da Brazil Conference 2024 em Harvard"},"content":{"rendered":"<p><span style=\"font-size: revert;\">O primeiro dia de programa\u00e7\u00f5es da 10\u00b0 edi\u00e7\u00e3o da Brazil Conference, neste s\u00e1bado (6), conta com a participa\u00e7\u00e3o da governadora Raquel Lyra. O evento acontece na Universidade de Harvard e no Instituto de Tecnologia de Massachusetts (MIT), na cidade de Boston, nos Estados Unidos. Neste primeiro dia, a gestora se re\u00fane com estudantes brasileiros das entidades americanas das \u00e1reas de administra\u00e7\u00e3o p\u00fablica, direito, economia, neg\u00f3cios e sa\u00fade.<\/span><\/p>\n<p>&#8220;\u00c9 um privil\u00e9gio poder participar da Brazil Conference, um evento que re\u00fane a comunidade brasileira de Harvard. Esta \u00e9 uma oportunidade para debater temas de import\u00e2ncia social, cultural e econ\u00f4mica para nosso estado e todo o Brasil. Temos dois dias de programa\u00e7\u00e3o pela frente e, sem d\u00favida, ser\u00e1 uma experi\u00eancia em que podemos apresentar os avan\u00e7os do nosso governo e debater temas importantes para Pernambuco e para o Brasil&#8221;, destaca Raquel Lyra.<\/p>\n<p>Neste domingo (7), a gestora ir\u00e1 apresentar o painel \u201cAs inova\u00e7\u00f5es e os Desafios na Gest\u00e3o de Pernambuco&#8221;. Realizado anualmente, o evento \u00e9 organizado por estudantes da Universidade de Harvard que re\u00fane personalidades brasileiras de diferentes \u00e1reas para abordar temas como pol\u00edtica, economia, cultura e tecnologia. Este ano, a edi\u00e7\u00e3o tem como tema &#8220;O Encontro dos V\u00e1rios Brasis&#8221;. O evento pode ser acompanhado atrav\u00e9s do site: youtube.com\/@BrazilConference.<\/p>\n<p>Acompanham a governadora na agenda os secret\u00e1rios Rodolfo Costa Pinto (Comunica\u00e7\u00e3o), Fernando Holanda (Assessoria Especial) e Daniella Brito (executiva de Imprensa). Foto: Divulga\u00e7\u00e3o.<\/p>\n<p>Seja seguidor do Instagram do Blog @blogdoedvaldomagalhaes<\/p>\n","protected":false},"excerpt":{"rendered":"<p>O primeiro dia de programa\u00e7\u00f5es da 10\u00b0 edi\u00e7\u00e3o da Brazil Conference, neste s\u00e1bado (6), conta com a participa\u00e7\u00e3o da governadora&hellip;<\/p>\n","protected":false},"author":1,"featured_media":107170,"comment_status":"closed","ping_status":"open","sticky":false,"template":"","format":"standard","meta":{"footnotes":""},"categories":[14122],"tags":[29440,2,28801,3406,30176],"class_list":["post-107169","post","type-post","status-publish","format-standard","has-post-thumbnail","hentry","category-politica","tag-blog-com-mais-visualizacao","tag-blog-do-edvaldo-magalhaes","tag-blog-mais-acessado","tag-caruaru","tag-governadora-raquel-lyra-representa-pernambuco-no-primeiro-dia-da-brazil-conference-2024-em-harvard"],"_links":{"self":[{"href":"https:\/\/blogdoedvaldomagalhaes.com.br\/index.php\/wp-json\/wp\/v2\/posts\/107169","targetHints":{"allow":["GET"]}}],"collection":[{"href":"https:\/\/blogdoedvaldomagalhaes.com.br\/index.php\/wp-json\/wp\/v2\/posts"}],"about":[{"href":"https:\/\/blogdoedvaldomagalhaes.com.br\/index.php\/wp-json\/wp\/v2\/types\/post"}],"author":[{"embeddable":true,"href":"https:\/\/blogdoedvaldomagalhaes.com.br\/index.php\/wp-json\/wp\/v2\/users\/1"}],"replies":[{"embeddable":true,"href":"https:\/\/blogdoedvaldomagalhaes.com.br\/index.php\/wp-json\/wp\/v2\/comments?post=107169"}],"version-history":[{"count":1,"href":"https:\/\/blogdoedvaldomagalhaes.com.br\/index.php\/wp-json\/wp\/v2\/posts\/107169\/revisions"}],"predecessor-version":[{"id":107171,"href":"https:\/\/blogdoedvaldomagalhaes.com.br\/index.php\/wp-json\/wp\/v2\/posts\/107169\/revisions\/107171"}],"wp:featuredmedia":[{"embeddable":true,"href":"https:\/\/blogdoedvaldomagalhaes.com.br\/index.php\/wp-json\/wp\/v2\/media\/107170"}],"wp:attachment":[{"href":"https:\/\/blogdoedvaldomagalhaes.com.br\/index.php\/wp-json\/wp\/v2\/media?parent=107169"}],"wp:term":[{"taxonomy":"category","embeddable":true,"href":"https:\/\/blogdoedvaldomagalhaes.com.br\/index.php\/wp-json\/wp\/v2\/categories?post=107169"},{"taxonomy":"post_tag","embeddable":true,"href":"https:\/\/blogdoedvaldomagalhaes.com.br\/index.php\/wp-json\/wp\/v2\/tags?post=107169"}],"curies":[{"name":"wp","href":"https:\/\/api.w.org\/{rel}","templated":true}]}}