{"id":107166,"date":"2024-04-06T18:16:12","date_gmt":"2024-04-06T21:16:12","guid":{"rendered":"https:\/\/blogdoedvaldomagalhaes.com.br\/?p=107166"},"modified":"2024-04-06T18:16:13","modified_gmt":"2024-04-06T21:16:13","slug":"2a-exporagro-cupira-tem-a-plataforma-conheca-caruaru-com-as-acoes-de-desenvolvimento-rural-e-destaca-o-sao-joao","status":"publish","type":"post","link":"https:\/\/blogdoedvaldomagalhaes.com.br\/index.php\/2024\/04\/06\/2a-exporagro-cupira-tem-a-plataforma-conheca-caruaru-com-as-acoes-de-desenvolvimento-rural-e-destaca-o-sao-joao\/","title":{"rendered":"2\u00aa ExporAgro Cupira tem a plataforma \u201cConhe\u00e7a Caruaru\u201d com as a\u00e7\u00f5es de Desenvolvimento Rural e destaca o S\u00e3o Jo\u00e3o"},"content":{"rendered":"<p><span style=\"font-size: revert;\">A Prefeitura de Caruaru, por meio das secretarias de Desenvolvimento Rural (SDR), Desenvolvimento Econ\u00f4mico, Turismo e Economia Criativa (Sedetec) e da Funda\u00e7\u00e3o de Cultura, participa da 2\u00aa edi\u00e7\u00e3o da ExporAgro Cupira. A ExpoAgro Pernambuco tem a finalidade de fortalecer a atividade pecu\u00e1ria e do agroneg\u00f3cio, de estimular e valorizar o trabalho dos criadores do munic\u00edpio e de toda regi\u00e3o do Estado.<\/span><\/p>\n<p>A Prefeitura de Caruaru est\u00e1 com um stand destacando o S\u00e3o Jo\u00e3o na Ro\u00e7a, que inicia no dia 19 de abril, em Gon\u00e7alves Ferreira. A Sedetec estar\u00e1 no evento atraindo a aten\u00e7\u00e3o do p\u00fablico com a plataforma \u201cConhe\u00e7a Caruaru\u201d, site que oferece tour virtual pelos pontos tur\u00edsticos da cidade, al\u00e9m de ser o principal canal de divulga\u00e7\u00e3o do turismo da capital do agreste. J\u00e1 a SDR, mais uma vez, participa do evento mostrando as a\u00e7\u00f5es realizadas na zona rural de Caruaru, que seguem melhorando ainda mais a vida do homem e da mulher do campo.<\/p>\n<p>\u201cO evento \u00e9 uma grande oportunidade para fortalecer, estimular e valorizar o trabalho dos agricultores do munic\u00edpio e do Estado. Nessa segunda edi\u00e7\u00e3o, refor\u00e7amos a import\u00e2ncia das nossas a\u00e7\u00f5es na zona rural, al\u00e9m de destacar o Maior e Melhor S\u00e3o Jo\u00e3o do Mundo, de Caruaru\u201d, pontuou o secret\u00e1rio da SDR, Manoel J\u00fanior.<\/p>\n<p>O evento segue at\u00e9 o domingo (07), no parque de eventos, \u00e0s margens da PE-123 (pr\u00f3ximo da BR-104). Na segunda edi\u00e7\u00e3o, o evento conta com quase 70 estandes, em uma \u00e1rea de vinte mil metros quadrados, reunindo representantes do agroneg\u00f3cio e demais segmentos da produ\u00e7\u00e3o rural. Foto: Divulga\u00e7\u00e3o\/Secom\/PMC<\/p>\n<p>Seja seguidor do Instagram do Blog @blogdoedvaldomagalhaes<\/p>\n","protected":false},"excerpt":{"rendered":"<p>A Prefeitura de Caruaru, por meio das secretarias de Desenvolvimento Rural (SDR), Desenvolvimento Econ\u00f4mico, Turismo e Economia Criativa (Sedetec) e&hellip;<\/p>\n","protected":false},"author":1,"featured_media":107167,"comment_status":"closed","ping_status":"open","sticky":false,"template":"","format":"standard","meta":{"footnotes":""},"categories":[14120],"tags":[29440,2,28801,3406,6],"class_list":["post-107166","post","type-post","status-publish","format-standard","has-post-thumbnail","hentry","category-noticias","tag-blog-com-mais-visualizacao","tag-blog-do-edvaldo-magalhaes","tag-blog-mais-acessado","tag-caruaru","tag-noticias"],"_links":{"self":[{"href":"https:\/\/blogdoedvaldomagalhaes.com.br\/index.php\/wp-json\/wp\/v2\/posts\/107166","targetHints":{"allow":["GET"]}}],"collection":[{"href":"https:\/\/blogdoedvaldomagalhaes.com.br\/index.php\/wp-json\/wp\/v2\/posts"}],"about":[{"href":"https:\/\/blogdoedvaldomagalhaes.com.br\/index.php\/wp-json\/wp\/v2\/types\/post"}],"author":[{"embeddable":true,"href":"https:\/\/blogdoedvaldomagalhaes.com.br\/index.php\/wp-json\/wp\/v2\/users\/1"}],"replies":[{"embeddable":true,"href":"https:\/\/blogdoedvaldomagalhaes.com.br\/index.php\/wp-json\/wp\/v2\/comments?post=107166"}],"version-history":[{"count":1,"href":"https:\/\/blogdoedvaldomagalhaes.com.br\/index.php\/wp-json\/wp\/v2\/posts\/107166\/revisions"}],"predecessor-version":[{"id":107168,"href":"https:\/\/blogdoedvaldomagalhaes.com.br\/index.php\/wp-json\/wp\/v2\/posts\/107166\/revisions\/107168"}],"wp:featuredmedia":[{"embeddable":true,"href":"https:\/\/blogdoedvaldomagalhaes.com.br\/index.php\/wp-json\/wp\/v2\/media\/107167"}],"wp:attachment":[{"href":"https:\/\/blogdoedvaldomagalhaes.com.br\/index.php\/wp-json\/wp\/v2\/media?parent=107166"}],"wp:term":[{"taxonomy":"category","embeddable":true,"href":"https:\/\/blogdoedvaldomagalhaes.com.br\/index.php\/wp-json\/wp\/v2\/categories?post=107166"},{"taxonomy":"post_tag","embeddable":true,"href":"https:\/\/blogdoedvaldomagalhaes.com.br\/index.php\/wp-json\/wp\/v2\/tags?post=107166"}],"curies":[{"name":"wp","href":"https:\/\/api.w.org\/{rel}","templated":true}]}}