{"id":107160,"date":"2024-04-06T17:31:45","date_gmt":"2024-04-06T20:31:45","guid":{"rendered":"https:\/\/blogdoedvaldomagalhaes.com.br\/?p=107160"},"modified":"2024-04-06T17:31:46","modified_gmt":"2024-04-06T20:31:46","slug":"pm-prende-em-flagrante-acusado-de-roubar-celular","status":"publish","type":"post","link":"https:\/\/blogdoedvaldomagalhaes.com.br\/index.php\/2024\/04\/06\/pm-prende-em-flagrante-acusado-de-roubar-celular\/","title":{"rendered":"PM prende em flagrante acusado de roubar celular"},"content":{"rendered":"<p><span style=\"font-size: revert;\">Policiais militares do 19\u00ba BPM prenderam, na manh\u00e3 deste s\u00e1bado (6), um homem que havia acabado de roubar um aparelho de celular na orla de Boa Viagem.<\/span><\/p>\n<p>O efetivo realiza o patrulhamento ostensivo com bicicleta no local, quando viu a uma pessoa (a v\u00edtima) correndo atr\u00e1s de um homem que estava numa bicicleta e tinha acabado de roubar um celular.<\/p>\n<p>A equipe imediatamente foi at\u00e9 o local, conseguiu alcan\u00e7ar o suspeito e constatou que ele estava de posse de um celular roubado. A ocorr\u00eancia foi encaminhada para a Central de Plant\u00f5es para serem adotadas as medidas cab\u00edveis.<\/p>\n<p>Foto: Divulga\u00e7\u00e3o\/PMPE<\/p>\n<p>Seja seguidor do Instagram do Blog @blogdoedvaldomagalhaes<\/p>\n","protected":false},"excerpt":{"rendered":"<p>Policiais militares do 19\u00ba BPM prenderam, na manh\u00e3 deste s\u00e1bado (6), um homem que havia acabado de roubar um aparelho&hellip;<\/p>\n","protected":false},"author":1,"featured_media":107161,"comment_status":"closed","ping_status":"open","sticky":false,"template":"","format":"standard","meta":{"footnotes":""},"categories":[14121],"tags":[29440,2,28801,3406,30174],"class_list":["post-107160","post","type-post","status-publish","format-standard","has-post-thumbnail","hentry","category-policial","tag-blog-com-mais-visualizacao","tag-blog-do-edvaldo-magalhaes","tag-blog-mais-acessado","tag-caruaru","tag-pm-prende-em-flagrante-acusado-de-roubar-celular"],"_links":{"self":[{"href":"https:\/\/blogdoedvaldomagalhaes.com.br\/index.php\/wp-json\/wp\/v2\/posts\/107160","targetHints":{"allow":["GET"]}}],"collection":[{"href":"https:\/\/blogdoedvaldomagalhaes.com.br\/index.php\/wp-json\/wp\/v2\/posts"}],"about":[{"href":"https:\/\/blogdoedvaldomagalhaes.com.br\/index.php\/wp-json\/wp\/v2\/types\/post"}],"author":[{"embeddable":true,"href":"https:\/\/blogdoedvaldomagalhaes.com.br\/index.php\/wp-json\/wp\/v2\/users\/1"}],"replies":[{"embeddable":true,"href":"https:\/\/blogdoedvaldomagalhaes.com.br\/index.php\/wp-json\/wp\/v2\/comments?post=107160"}],"version-history":[{"count":1,"href":"https:\/\/blogdoedvaldomagalhaes.com.br\/index.php\/wp-json\/wp\/v2\/posts\/107160\/revisions"}],"predecessor-version":[{"id":107162,"href":"https:\/\/blogdoedvaldomagalhaes.com.br\/index.php\/wp-json\/wp\/v2\/posts\/107160\/revisions\/107162"}],"wp:featuredmedia":[{"embeddable":true,"href":"https:\/\/blogdoedvaldomagalhaes.com.br\/index.php\/wp-json\/wp\/v2\/media\/107161"}],"wp:attachment":[{"href":"https:\/\/blogdoedvaldomagalhaes.com.br\/index.php\/wp-json\/wp\/v2\/media?parent=107160"}],"wp:term":[{"taxonomy":"category","embeddable":true,"href":"https:\/\/blogdoedvaldomagalhaes.com.br\/index.php\/wp-json\/wp\/v2\/categories?post=107160"},{"taxonomy":"post_tag","embeddable":true,"href":"https:\/\/blogdoedvaldomagalhaes.com.br\/index.php\/wp-json\/wp\/v2\/tags?post=107160"}],"curies":[{"name":"wp","href":"https:\/\/api.w.org\/{rel}","templated":true}]}}