{"id":107156,"date":"2024-04-06T10:43:50","date_gmt":"2024-04-06T13:43:50","guid":{"rendered":"https:\/\/blogdoedvaldomagalhaes.com.br\/?p=107156"},"modified":"2024-04-06T10:48:58","modified_gmt":"2024-04-06T13:48:58","slug":"advogada-any-fernandes-sera-candidata-a-vereadora-pelo-progressistas-base-aliada-ao-prefeito-rodrigo-pinheiro","status":"publish","type":"post","link":"https:\/\/blogdoedvaldomagalhaes.com.br\/index.php\/2024\/04\/06\/advogada-any-fernandes-sera-candidata-a-vereadora-pelo-progressistas-base-aliada-ao-prefeito-rodrigo-pinheiro\/","title":{"rendered":"Advogada Any Fernandes ser\u00e1 candidata a vereadora pelo Progressistas, base aliada ao Prefeito Rodrigo Pinheiro"},"content":{"rendered":"<p><span style=\"font-size: revert;\">A Advogada, atuante nas demandas coletivas de sa\u00fade, transporte alternativo e, principalmente, na luta pelos direitos das pessoas autistas, \u00e9 pr\u00e9-candidata a vereadora pelo Partido Progressistas, cuja base est\u00e1 aliada ao prefeito Rodrigo Pinheiro. Sua filia\u00e7\u00e3o ocorreu na \u00faltima sexta-feira (05).<\/span><\/p>\n<p>Nascida, criada e formada em Caruaru\/PE, Any Fernandes \u00e9 leg\u00edtima filha da terra. De fam\u00edlia humilde, conhece de dentro as necessidades e dificuldades do povo. Dedica-se \u00e0 comunidade em causas &#8220;pro bono&#8221; e volunt\u00e1rias, desde a sua forma\u00e7\u00e3o.<\/p>\n<p>Foi Presidente da Comiss\u00e3o de Sa\u00fade da OAB\/Caruaru, onde atuou assiduamente pelas demandas da comunidade e abra\u00e7ou a luta pelos direitos dos autistas. Decidiu candidatar-se por enxergar a necessidade de representatividade pol\u00edtica, dando voz e vez para as fam\u00edlias e pessoas at\u00edpicas, usu\u00e1rios do servi\u00e7os publico de sa\u00fade (SUS), dos transportes alternativos de Caruaru e \u00e0 coletividade.<\/p>\n<p>\u201cMinha pauta e miss\u00e3o \u00e9 pela comunidade. \u00c9 pelas fam\u00edlias at\u00edpicas. Fazer valer seus direitos. Lutar por quem n\u00e3o tem voz, para que tenham respeito, sa\u00fade, dignidade e espa\u00e7o. \u00c9 pela sa\u00fade de quem depende do servi\u00e7o p\u00fablico e pelas melhorias necess\u00e1rias de nossa cidade. Na mobilidade humana, na busca pela regulamenta\u00e7\u00e3o do transporte alternativo municipal e nas causas de interesse da coletividade e que beneficiem a quem, de fato, precisa, que \u00e9 o povo Caruaruense.\u201d, afirma a pr\u00e9-candidata, Any Fernandes.<\/p>\n<p>Foto: Divulga\u00e7\u00e3o<\/p>\n<p>Seja seguidor do Instagram do Blog, para comentar no endere\u00e7o @blogdoedvaldomagalhaes<\/p>\n","protected":false},"excerpt":{"rendered":"<p>A Advogada, atuante nas demandas coletivas de sa\u00fade, transporte alternativo e, principalmente, na luta pelos direitos das pessoas autistas, \u00e9&hellip;<\/p>\n","protected":false},"author":1,"featured_media":107159,"comment_status":"closed","ping_status":"open","sticky":false,"template":"","format":"standard","meta":{"footnotes":""},"categories":[14122],"tags":[30173,29440,2,28801,3406,20],"class_list":["post-107156","post","type-post","status-publish","format-standard","has-post-thumbnail","hentry","category-politica","tag-advogada-any-fernandes-sera-candidata-a-vereadora-pelo-progressistas-base-aliada-ao-prefeito-rodrigo-pinheiro","tag-blog-com-mais-visualizacao","tag-blog-do-edvaldo-magalhaes","tag-blog-mais-acessado","tag-caruaru","tag-politica"],"_links":{"self":[{"href":"https:\/\/blogdoedvaldomagalhaes.com.br\/index.php\/wp-json\/wp\/v2\/posts\/107156","targetHints":{"allow":["GET"]}}],"collection":[{"href":"https:\/\/blogdoedvaldomagalhaes.com.br\/index.php\/wp-json\/wp\/v2\/posts"}],"about":[{"href":"https:\/\/blogdoedvaldomagalhaes.com.br\/index.php\/wp-json\/wp\/v2\/types\/post"}],"author":[{"embeddable":true,"href":"https:\/\/blogdoedvaldomagalhaes.com.br\/index.php\/wp-json\/wp\/v2\/users\/1"}],"replies":[{"embeddable":true,"href":"https:\/\/blogdoedvaldomagalhaes.com.br\/index.php\/wp-json\/wp\/v2\/comments?post=107156"}],"version-history":[{"count":1,"href":"https:\/\/blogdoedvaldomagalhaes.com.br\/index.php\/wp-json\/wp\/v2\/posts\/107156\/revisions"}],"predecessor-version":[{"id":107158,"href":"https:\/\/blogdoedvaldomagalhaes.com.br\/index.php\/wp-json\/wp\/v2\/posts\/107156\/revisions\/107158"}],"wp:featuredmedia":[{"embeddable":true,"href":"https:\/\/blogdoedvaldomagalhaes.com.br\/index.php\/wp-json\/wp\/v2\/media\/107159"}],"wp:attachment":[{"href":"https:\/\/blogdoedvaldomagalhaes.com.br\/index.php\/wp-json\/wp\/v2\/media?parent=107156"}],"wp:term":[{"taxonomy":"category","embeddable":true,"href":"https:\/\/blogdoedvaldomagalhaes.com.br\/index.php\/wp-json\/wp\/v2\/categories?post=107156"},{"taxonomy":"post_tag","embeddable":true,"href":"https:\/\/blogdoedvaldomagalhaes.com.br\/index.php\/wp-json\/wp\/v2\/tags?post=107156"}],"curies":[{"name":"wp","href":"https:\/\/api.w.org\/{rel}","templated":true}]}}