{"id":107153,"date":"2024-04-06T09:56:28","date_gmt":"2024-04-06T12:56:28","guid":{"rendered":"https:\/\/blogdoedvaldomagalhaes.com.br\/?p=107153"},"modified":"2024-04-06T09:56:29","modified_gmt":"2024-04-06T12:56:29","slug":"inaugurado-espaco-direto-da-roca-collab-em-caruaru","status":"publish","type":"post","link":"https:\/\/blogdoedvaldomagalhaes.com.br\/index.php\/2024\/04\/06\/inaugurado-espaco-direto-da-roca-collab-em-caruaru\/","title":{"rendered":"Inaugurado espa\u00e7o Direto da Ro\u00e7a Collab, em Caruaru"},"content":{"rendered":"<p><span style=\"font-size: revert;\">A Secretaria de Desenvolvimento Rural (SDR), inaugurou em Caruaru na sexta-feira (05), o espa\u00e7o Direto da Ro\u00e7a Collab. O local tem o intuito de aquecer a economia na gera\u00e7\u00e3o de mais um ponto de vendas para os insumos produzidos pelos agricultores e agricultoras familiares.<\/span><\/p>\n<p>Localizado no estacionamento t\u00e9rreo do centro de compras, essa iniciativa \u00e9 uma parceria entre a Prefeitura, Shopping Difusora, agricultores e agriculturas familiares que fazem parte da Feira da Agricultura Familiar.<\/p>\n<p>\u201cEssa culmin\u00e2ncia busca fortalecer e consolidar cada vez mais a agricultura familiar, colocando em evid\u00eancia os insumos produzidos por esses agricultores e agricultoras familiares, gerando renda e consequentemente promovendo melhor qualidade de vida e bem-estar, al\u00e9m de oportunizar que os frequentadores do shopping consigam fazer consumos conscientes, com produtos com alta qualidade\u201d, detalhou o secret\u00e1rio da SDR, Manoel Junior.<\/p>\n<p>Os participantes da Direto da Ro\u00e7a Collab, s\u00e3o 10 integrantes que produzem insumos diversos que v\u00e3o desde produtos l\u00e1cteos, a frutas, verduras, entre outros. \u201cEstamos acompanhando por toda a cidade as boas iniciativas de projetos, foi muito gratificante essa oportunidade para os agricultores, por meio desse espa\u00e7o estamos valorizando os filhos da nossa terra, o carinho e a dedica\u00e7\u00e3o com cada produto ser\u00e1 o diferencial para Caruaru\u201d, pontuou o diretor do Shopping Difusora, Luverson Ferreira.<\/p>\n<p>\u201cEstamos em um espa\u00e7o privilegiado, \u00e9 uma forma de reconhecimento por parte da prefeitura com o \u00f3timo trabalho dos agricultores. Estaremos aqui todos os dias da semana ofertando sa\u00fade, por meio dos nossos produtos\u201d, complementou a agricultora, F\u00e1tima Vilanova.<\/p>\n<p>Foto: Jorge Farias<\/p>\n","protected":false},"excerpt":{"rendered":"<p>A Secretaria de Desenvolvimento Rural (SDR), inaugurou em Caruaru na sexta-feira (05), o espa\u00e7o Direto da Ro\u00e7a Collab. O local&hellip;<\/p>\n","protected":false},"author":1,"featured_media":107154,"comment_status":"closed","ping_status":"open","sticky":false,"template":"","format":"standard","meta":{"footnotes":""},"categories":[14120],"tags":[29440,2,28801,3406,30172],"class_list":["post-107153","post","type-post","status-publish","format-standard","has-post-thumbnail","hentry","category-noticias","tag-blog-com-mais-visualizacao","tag-blog-do-edvaldo-magalhaes","tag-blog-mais-acessado","tag-caruaru","tag-inaugurado-espaco-direto-da-roca-collab-em-caruaru"],"_links":{"self":[{"href":"https:\/\/blogdoedvaldomagalhaes.com.br\/index.php\/wp-json\/wp\/v2\/posts\/107153","targetHints":{"allow":["GET"]}}],"collection":[{"href":"https:\/\/blogdoedvaldomagalhaes.com.br\/index.php\/wp-json\/wp\/v2\/posts"}],"about":[{"href":"https:\/\/blogdoedvaldomagalhaes.com.br\/index.php\/wp-json\/wp\/v2\/types\/post"}],"author":[{"embeddable":true,"href":"https:\/\/blogdoedvaldomagalhaes.com.br\/index.php\/wp-json\/wp\/v2\/users\/1"}],"replies":[{"embeddable":true,"href":"https:\/\/blogdoedvaldomagalhaes.com.br\/index.php\/wp-json\/wp\/v2\/comments?post=107153"}],"version-history":[{"count":1,"href":"https:\/\/blogdoedvaldomagalhaes.com.br\/index.php\/wp-json\/wp\/v2\/posts\/107153\/revisions"}],"predecessor-version":[{"id":107155,"href":"https:\/\/blogdoedvaldomagalhaes.com.br\/index.php\/wp-json\/wp\/v2\/posts\/107153\/revisions\/107155"}],"wp:featuredmedia":[{"embeddable":true,"href":"https:\/\/blogdoedvaldomagalhaes.com.br\/index.php\/wp-json\/wp\/v2\/media\/107154"}],"wp:attachment":[{"href":"https:\/\/blogdoedvaldomagalhaes.com.br\/index.php\/wp-json\/wp\/v2\/media?parent=107153"}],"wp:term":[{"taxonomy":"category","embeddable":true,"href":"https:\/\/blogdoedvaldomagalhaes.com.br\/index.php\/wp-json\/wp\/v2\/categories?post=107153"},{"taxonomy":"post_tag","embeddable":true,"href":"https:\/\/blogdoedvaldomagalhaes.com.br\/index.php\/wp-json\/wp\/v2\/tags?post=107153"}],"curies":[{"name":"wp","href":"https:\/\/api.w.org\/{rel}","templated":true}]}}