{"id":107148,"date":"2024-04-06T09:30:56","date_gmt":"2024-04-06T12:30:56","guid":{"rendered":"https:\/\/blogdoedvaldomagalhaes.com.br\/?p=107148"},"modified":"2024-04-06T09:35:49","modified_gmt":"2024-04-06T12:35:49","slug":"secretaria-de-desenvolvimento-social-e-direitos-humanos-de-caruaru-dayse-willianne-deixa-o-cargo","status":"publish","type":"post","link":"https:\/\/blogdoedvaldomagalhaes.com.br\/index.php\/2024\/04\/06\/secretaria-de-desenvolvimento-social-e-direitos-humanos-de-caruaru-dayse-willianne-deixa-o-cargo\/","title":{"rendered":"Secret\u00e1ria de Desenvolvimento Social e Direitos Humanos de Caruaru, Dayse Willianne, deixa o cargo"},"content":{"rendered":"<p><span style=\"font-size: revert;\">A secret\u00e1ria de Desenvolvimento Social e Direitos Humanos de Caruaru, Dayse Willyanne, deixa a pasta neste s\u00e1bado (6) para se dedicar integralmente \u00e0 coordena\u00e7\u00e3o do Plano de Governo da campanha de reelei\u00e7\u00e3o do prefeito de Caruaru, Rodrigo Pinheiro. Durante seu tempo \u00e0 frente da pasta, Dayse demonstrou um comprometimento inabal\u00e1vel com a promo\u00e7\u00e3o dos direitos humanos e o desenvolvimento social, deixando um legado de atua\u00e7\u00e3o e dedica\u00e7\u00e3o.<\/span><\/p>\n<p>Sua lideran\u00e7a e seu empenho foram fundamentais para implementar pol\u00edticas p\u00fablicas que visavam a inclus\u00e3o, o bem-estar e a igualdade para todos os cidad\u00e3os caruaruenses. Embora sua sa\u00edda represente uma perda significativa para a Secretaria de Desenvolvimento Social e Direitos Humanos, uma certeza \u00e9 que Dayse Willyane continuar\u00e1 a contribuir para o avan\u00e7o de nossa sociedade na nova fase de sua jornada. A Prefeitura de Caruaru e o prefeito Rodrigo Pinheiro agradecem pelo empenho e dedica\u00e7\u00e3o \u00e0 frente de uma das secretarias mais importantes do munic\u00edpio.<\/p>\n<p>A partir deste s\u00e1bado, quem assume a SDSDH ser\u00e1 a nova secret\u00e1ria, Katiuska Lopes, bacharela em Servi\u00e7o Social pela Universidade Federal de Pernambuco e especialista em Gest\u00e3o de Pol\u00edticas P\u00fablicas pela Universidade Federal de Pernambuco e Faculdade Boa Viagem. Katiuska tem vasta experi\u00eancia na \u00e1rea da Pol\u00edtica de Assist\u00eancia Social.<\/p>\n<p>Foto: Divulga\u00e7\u00e3o<\/p>\n<p>Seja seguidor \u00a0do Instagram do Blog @blogdoedvaldomagalhaes<\/p>\n","protected":false},"excerpt":{"rendered":"<p>A secret\u00e1ria de Desenvolvimento Social e Direitos Humanos de Caruaru, Dayse Willyanne, deixa a pasta neste s\u00e1bado (6) para se&hellip;<\/p>\n","protected":false},"author":1,"featured_media":107149,"comment_status":"closed","ping_status":"open","sticky":false,"template":"","format":"standard","meta":{"footnotes":""},"categories":[14120],"tags":[29440,2,28801,3406,30171],"class_list":["post-107148","post","type-post","status-publish","format-standard","has-post-thumbnail","hentry","category-noticias","tag-blog-com-mais-visualizacao","tag-blog-do-edvaldo-magalhaes","tag-blog-mais-acessado","tag-caruaru","tag-secretaria-de-desenvolvimento-social-e-direitos-humanos-de-caruaru-dayse-willianne-deixa-o-cargo"],"_links":{"self":[{"href":"https:\/\/blogdoedvaldomagalhaes.com.br\/index.php\/wp-json\/wp\/v2\/posts\/107148","targetHints":{"allow":["GET"]}}],"collection":[{"href":"https:\/\/blogdoedvaldomagalhaes.com.br\/index.php\/wp-json\/wp\/v2\/posts"}],"about":[{"href":"https:\/\/blogdoedvaldomagalhaes.com.br\/index.php\/wp-json\/wp\/v2\/types\/post"}],"author":[{"embeddable":true,"href":"https:\/\/blogdoedvaldomagalhaes.com.br\/index.php\/wp-json\/wp\/v2\/users\/1"}],"replies":[{"embeddable":true,"href":"https:\/\/blogdoedvaldomagalhaes.com.br\/index.php\/wp-json\/wp\/v2\/comments?post=107148"}],"version-history":[{"count":2,"href":"https:\/\/blogdoedvaldomagalhaes.com.br\/index.php\/wp-json\/wp\/v2\/posts\/107148\/revisions"}],"predecessor-version":[{"id":107152,"href":"https:\/\/blogdoedvaldomagalhaes.com.br\/index.php\/wp-json\/wp\/v2\/posts\/107148\/revisions\/107152"}],"wp:featuredmedia":[{"embeddable":true,"href":"https:\/\/blogdoedvaldomagalhaes.com.br\/index.php\/wp-json\/wp\/v2\/media\/107149"}],"wp:attachment":[{"href":"https:\/\/blogdoedvaldomagalhaes.com.br\/index.php\/wp-json\/wp\/v2\/media?parent=107148"}],"wp:term":[{"taxonomy":"category","embeddable":true,"href":"https:\/\/blogdoedvaldomagalhaes.com.br\/index.php\/wp-json\/wp\/v2\/categories?post=107148"},{"taxonomy":"post_tag","embeddable":true,"href":"https:\/\/blogdoedvaldomagalhaes.com.br\/index.php\/wp-json\/wp\/v2\/tags?post=107148"}],"curies":[{"name":"wp","href":"https:\/\/api.w.org\/{rel}","templated":true}]}}