{"id":107145,"date":"2024-04-05T23:03:10","date_gmt":"2024-04-06T02:03:10","guid":{"rendered":"https:\/\/blogdoedvaldomagalhaes.com.br\/?p=107145"},"modified":"2024-04-07T10:47:18","modified_gmt":"2024-04-07T13:47:18","slug":"caruaru-e-a-cidade-com-o-melhor-acesso-a-educacao-de-pernambuco","status":"publish","type":"post","link":"https:\/\/blogdoedvaldomagalhaes.com.br\/index.php\/2024\/04\/05\/caruaru-e-a-cidade-com-o-melhor-acesso-a-educacao-de-pernambuco\/","title":{"rendered":"Caruaru \u00e9 a cidade com o melhor acesso \u00e0 educa\u00e7\u00e3o de Pernambuco"},"content":{"rendered":"<p><span style=\"font-size: revert;\">Foi o que constatou o Ranking de Competitividade dos Munic\u00edpios, que foi divulgado esta semana e em 2024 chegou \u00e0 sua quarta edi\u00e7\u00e3o. Desenvolvido anualmente pelo Centro de Lideran\u00e7a P\u00fablica, nele, a Capital do Agreste ocupou a primeira coloca\u00e7\u00e3o no pilar: \u201cMunic\u00edpios com os Melhores Resultados de Acesso \u00e0 Educa\u00e7\u00e3o\u201d, em compara\u00e7\u00e3o com as cidades pernambucanas que possuem popula\u00e7\u00f5es acima dos 80 mil habitantes, de acordo com a estimativa do IBGE 2021.<\/span><\/p>\n<p>Este pilar considera, ao todo, os desempenhos de 410 munic\u00edpios, incluindo os de PE, cujas as popula\u00e7\u00f5es tamb\u00e9m correspondem ao n\u00famero citado, por meio dos indicadores: taxa de atendimento, taxa l\u00edquida de matr\u00edcula e alunos em tempo integral da Educa\u00e7\u00e3o Infantil, do Ensino Fundamental e do Ensino M\u00e9dio. No \u00e2mbito nacional, Caruaru obteve a 106\u00aa posi\u00e7\u00e3o.<\/p>\n<p>Para o prefeito de Caruaru, Rodrigo Pinheiro, saber que a Capital do Agreste se encontra no topo do Estado dentre as cidades que possuem o melhor acesso \u00e0 educa\u00e7\u00e3o municipal \u00e9 motivo de bastante satisfa\u00e7\u00e3o, mas de desafios ainda maiores. \u201cEste excelente resultado vem a refor\u00e7ar que a educa\u00e7\u00e3o de Caruaru se encontra no caminho certo em rela\u00e7\u00e3o a todos investimentos que t\u00eam sido feitos tanto na infraestrutura como no capital humano da rede municipal de ensino. Estamos orgulhosos com esta conquista e com o sentimento de querermos fazer cada vez mais em prol dos estudantes caruaruenses\u201d.<\/p>\n<p>\u201cO acesso \u00e0 educa\u00e7\u00e3o, al\u00e9m do impacto direto na qualidade de vida da popula\u00e7\u00e3o, representa parcela importante da forma\u00e7\u00e3o dos valores da sociedade e, adicionalmente, um primeiro passo na forma\u00e7\u00e3o dos futuros profissionais para o mercado de trabalho. Dividimos esta grande conquista com o prefeito Rodrigo Pinheiro, que n\u00e3o tem medido esfor\u00e7os para qualificar cada vez mais a nossa educa\u00e7\u00e3o, assim como com toda a equipe que faz a Secretaria Municipal de Educa\u00e7\u00e3o e Esportes de Caruaru por todo empenho e dedica\u00e7\u00e3o em prol dos estudantes municipais\u201d, comemorou a secret\u00e1ria de Educa\u00e7\u00e3o e Esportes de Caruaru, Aline Tiburcio.<\/p>\n<p><strong>Mais sobre o Ranking<\/strong><\/p>\n<p>O Ranking de Competitividade dos Munic\u00edpios \u00e9 uma ferramenta de grande relev\u00e2ncia que visa apoiar os l\u00edderes p\u00fablicos brasileiros nas tomadas de decis\u00e3o, com foco na melhoria da gest\u00e3o das cidades. Por meio da metodologia SEALL, ele fomenta boas pr\u00e1ticas para uma competi\u00e7\u00e3o saud\u00e1vel rumo a justi\u00e7a, equidade e desenvolvimento sustent\u00e1vel. A quarta edi\u00e7\u00e3o foi composta por 65 indicadores, organizados em 13 pilares tem\u00e1ticos e tr\u00eas dimens\u00f5es: institui\u00e7\u00f5es, sociedade e economia.<\/p>\n<p>Foto: Divulga\u00e7\u00e3o\/Secom\/PMC<\/p>\n<p>Seja seguidor do Instagram do Blog @blogdoedvaldomagalhaes<\/p>\n","protected":false},"excerpt":{"rendered":"<p>Foi o que constatou o Ranking de Competitividade dos Munic\u00edpios, que foi divulgado esta semana e em 2024 chegou \u00e0&hellip;<\/p>\n","protected":false},"author":1,"featured_media":107146,"comment_status":"closed","ping_status":"open","sticky":false,"template":"","format":"standard","meta":{"footnotes":""},"categories":[14120],"tags":[30170,29440,2,28801,3406,30169,1766],"class_list":["post-107145","post","type-post","status-publish","format-standard","has-post-thumbnail","hentry","category-noticias","tag-aline-tiburcio","tag-blog-com-mais-visualizacao","tag-blog-do-edvaldo-magalhaes","tag-blog-mais-acessado","tag-caruaru","tag-caruaru-e-a-cidade-com-o-melhor-acesso-a-educacao-de-pernambuco","tag-rodrigo-pinheiro"],"_links":{"self":[{"href":"https:\/\/blogdoedvaldomagalhaes.com.br\/index.php\/wp-json\/wp\/v2\/posts\/107145","targetHints":{"allow":["GET"]}}],"collection":[{"href":"https:\/\/blogdoedvaldomagalhaes.com.br\/index.php\/wp-json\/wp\/v2\/posts"}],"about":[{"href":"https:\/\/blogdoedvaldomagalhaes.com.br\/index.php\/wp-json\/wp\/v2\/types\/post"}],"author":[{"embeddable":true,"href":"https:\/\/blogdoedvaldomagalhaes.com.br\/index.php\/wp-json\/wp\/v2\/users\/1"}],"replies":[{"embeddable":true,"href":"https:\/\/blogdoedvaldomagalhaes.com.br\/index.php\/wp-json\/wp\/v2\/comments?post=107145"}],"version-history":[{"count":1,"href":"https:\/\/blogdoedvaldomagalhaes.com.br\/index.php\/wp-json\/wp\/v2\/posts\/107145\/revisions"}],"predecessor-version":[{"id":107147,"href":"https:\/\/blogdoedvaldomagalhaes.com.br\/index.php\/wp-json\/wp\/v2\/posts\/107145\/revisions\/107147"}],"wp:featuredmedia":[{"embeddable":true,"href":"https:\/\/blogdoedvaldomagalhaes.com.br\/index.php\/wp-json\/wp\/v2\/media\/107146"}],"wp:attachment":[{"href":"https:\/\/blogdoedvaldomagalhaes.com.br\/index.php\/wp-json\/wp\/v2\/media?parent=107145"}],"wp:term":[{"taxonomy":"category","embeddable":true,"href":"https:\/\/blogdoedvaldomagalhaes.com.br\/index.php\/wp-json\/wp\/v2\/categories?post=107145"},{"taxonomy":"post_tag","embeddable":true,"href":"https:\/\/blogdoedvaldomagalhaes.com.br\/index.php\/wp-json\/wp\/v2\/tags?post=107145"}],"curies":[{"name":"wp","href":"https:\/\/api.w.org\/{rel}","templated":true}]}}