{"id":107140,"date":"2024-04-05T20:23:26","date_gmt":"2024-04-05T23:23:26","guid":{"rendered":"https:\/\/blogdoedvaldomagalhaes.com.br\/?p=107140"},"modified":"2024-04-05T20:23:26","modified_gmt":"2024-04-05T23:23:26","slug":"governadora-raquel-lyra-participa-da-sancao-do-sistema-nacional-de-cultura-e-destaca-que-o-estado-dobrou-os-investimentos-no-setor","status":"publish","type":"post","link":"https:\/\/blogdoedvaldomagalhaes.com.br\/index.php\/2024\/04\/05\/governadora-raquel-lyra-participa-da-sancao-do-sistema-nacional-de-cultura-e-destaca-que-o-estado-dobrou-os-investimentos-no-setor\/","title":{"rendered":"Governadora Raquel Lyra participa da san\u00e7\u00e3o do Sistema Nacional de Cultura e destaca que o Estado dobrou os investimentos no setor"},"content":{"rendered":"<p><span style=\"font-size: revert;\">A governadora Raquel Lyra participou da cerim\u00f4nia de san\u00e7\u00e3o da lei que institui o marco regulat\u00f3rio do Sistema Nacional de Cultura (SNC), no Parque Dona Lindu, no Recife, nesta quinta-feira (4). O texto, sancionado pelo presidente Luiz In\u00e1cio Lula da Silva, que esteve na cerim\u00f4nia, foi aprovado no Senado no dia 6 de mar\u00e7o e prev\u00ea que o sistema ser\u00e1 organizado em regime de colabora\u00e7\u00e3o entre estados e munic\u00edpios para gest\u00e3o conjunta das pol\u00edticas culturais.<\/span><\/p>\n<p>\u201cFomentar a cultura \u00e9 ir al\u00e9m do discurso, precisa de dinheiro e or\u00e7amento, para ir para a pr\u00e1tica. Em Pernambuco, dobramos do ano passado para c\u00e1 o or\u00e7amento da cultura, saindo de R$ 160 milh\u00f5es para R$ 340 milh\u00f5es. Em Pernambuco buscamos fazer o dever de casa e faremos o poss\u00edvel para os munic\u00edpios aderirem ao Sistema Nacional de Cultura, vamos bater na porta para garantir governan\u00e7a tamb\u00e9m na cultura. Pernambuco \u00e9 ber\u00e7o da Fenearte, do maior e melhor S\u00e3o Jo\u00e3o e Carnaval do mundo\u201d, disse a governadora Raquel Lyra.<\/p>\n<p>O SNC tamb\u00e9m garante o pleno exerc\u00edcio dos direitos culturais, o acesso \u00e0s fontes da cultura nacional, o apoio t\u00e9cnico e financeiro aos estados, munic\u00edpios e criadores da cultura, se baseando na diversidade das express\u00f5es culturais, na universaliza\u00e7\u00e3o do acesso, no fomento \u00e0 produ\u00e7\u00e3o e \u00e0 difus\u00e3o cultural.<\/p>\n<p>\u201cEsse ato da cultura lembra que os artistas brasileiros t\u00eam que ser fortes. A cultura possibilita muitas coisas, inclusive o emprego, uma gera\u00e7\u00e3o de emprego que representa quase 3% do PIB nacional. Muitas vezes estamos acostumados a ver os artistas famosos da televis\u00e3o, mas at\u00e9 chegar l\u00e1, a arte e a cultura sofrem muito\u201d, afirmou o presidente Luiz In\u00e1cio Lula da Silva.<\/p>\n<p>A ministra da Cultura, Margareth Menezes, afirmou que o Sistema ir\u00e1 dividir atribui\u00e7\u00f5es, facilitando o acesso \u00e0s pol\u00edticas. \u201cO sistema \u00e9 uma reivindica\u00e7\u00e3o do setor cultural h\u00e1 muitos anos, desde, na verdade, 2005. Com a regulamenta\u00e7\u00e3o das responsabilidades, ent\u00e3o teremos uma cobertura parecida com o SUS. Cada cidade ser\u00e1 respons\u00e1vel por alguma coisa, os estados, por outra, e o minist\u00e9rio da cultura, do governo federal, por outra parte. Ent\u00e3o isso organiza, evita o sombreamento das responsabilidades das pol\u00edticas\u201d, disse a ministra.<\/p>\n<p>O senador Humberto Costa destacou que o SCN fornece condi\u00e7\u00f5es para quem faz a cultura em todo o Brasil. \u201c\u00c9 um sistema que d\u00e1 condi\u00e7\u00f5es para estrutura\u00e7\u00e3o de uma pol\u00edtica cultural, com pap\u00e9is definidos e claros, financiando. \u00c9 uma grande vit\u00f3ria do povo brasileiro e da cultura do nosso pa\u00eds\u201d, destacou. \u201cA unidade do nosso povo brasileiro se d\u00e1 atrav\u00e9s da cultura, ent\u00e3o \u00e9 fundamental essa prote\u00e7\u00e3o, que d\u00e1 seguran\u00e7a para quem faz a cultura no Brasil\u201d, pontuou o prefeito do Recife, Jo\u00e3o Campos.<\/p>\n<p>Tamb\u00e9m participaram do evento os senadores Teresa Leit\u00e3o e Fernando Dueire; os ministros Silvio Costa Filho (Portos e Aeroportos), Luciana Santos (Ci\u00eancia, Tecnologia e Inova\u00e7\u00e3o), Rui Costa (Casa Civil), Waldez G\u00f3es (Desenvolvimento Regional) e Alexandre Padilha (Rela\u00e7\u00f5es Institucionais); os deputados federais Pedro Campos, Carlos Veras, T\u00falio Gadelha, Eriberto Medeiros, Iza Arruda, Clodoaldo Magalh\u00e3es, Maria Arraes e Jos\u00e9 Guimar\u00e3es; os deputados estaduais Jo\u00e3o Paulo, Rosa Amorim e Dani Portela; e a secret\u00e1ria de Cultura de Pernambuco, Cacau de Paula. <span style=\"font-size: revert;\">Foto: Miva Filho \/ Secom<\/span><\/p>\n<p>Seja seguidor do Instagram do Blog @blogdoedvaldomagalhaes<\/p>\n","protected":false},"excerpt":{"rendered":"<p>A governadora Raquel Lyra participou da cerim\u00f4nia de san\u00e7\u00e3o da lei que institui o marco regulat\u00f3rio do Sistema Nacional de&hellip;<\/p>\n","protected":false},"author":1,"featured_media":107141,"comment_status":"closed","ping_status":"open","sticky":false,"template":"","format":"standard","meta":{"footnotes":""},"categories":[14122],"tags":[29440,2,28801,3406,30168,12075,20295],"class_list":["post-107140","post","type-post","status-publish","format-standard","has-post-thumbnail","hentry","category-politica","tag-blog-com-mais-visualizacao","tag-blog-do-edvaldo-magalhaes","tag-blog-mais-acessado","tag-caruaru","tag-governadora-raquel-lyra-participa-da-sancao-do-sistema-nacional-de-cultura-e-destaca-que-o-estado-dobrou-os-investimentos-no-setor","tag-lula","tag-politica-2"],"_links":{"self":[{"href":"https:\/\/blogdoedvaldomagalhaes.com.br\/index.php\/wp-json\/wp\/v2\/posts\/107140","targetHints":{"allow":["GET"]}}],"collection":[{"href":"https:\/\/blogdoedvaldomagalhaes.com.br\/index.php\/wp-json\/wp\/v2\/posts"}],"about":[{"href":"https:\/\/blogdoedvaldomagalhaes.com.br\/index.php\/wp-json\/wp\/v2\/types\/post"}],"author":[{"embeddable":true,"href":"https:\/\/blogdoedvaldomagalhaes.com.br\/index.php\/wp-json\/wp\/v2\/users\/1"}],"replies":[{"embeddable":true,"href":"https:\/\/blogdoedvaldomagalhaes.com.br\/index.php\/wp-json\/wp\/v2\/comments?post=107140"}],"version-history":[{"count":1,"href":"https:\/\/blogdoedvaldomagalhaes.com.br\/index.php\/wp-json\/wp\/v2\/posts\/107140\/revisions"}],"predecessor-version":[{"id":107142,"href":"https:\/\/blogdoedvaldomagalhaes.com.br\/index.php\/wp-json\/wp\/v2\/posts\/107140\/revisions\/107142"}],"wp:featuredmedia":[{"embeddable":true,"href":"https:\/\/blogdoedvaldomagalhaes.com.br\/index.php\/wp-json\/wp\/v2\/media\/107141"}],"wp:attachment":[{"href":"https:\/\/blogdoedvaldomagalhaes.com.br\/index.php\/wp-json\/wp\/v2\/media?parent=107140"}],"wp:term":[{"taxonomy":"category","embeddable":true,"href":"https:\/\/blogdoedvaldomagalhaes.com.br\/index.php\/wp-json\/wp\/v2\/categories?post=107140"},{"taxonomy":"post_tag","embeddable":true,"href":"https:\/\/blogdoedvaldomagalhaes.com.br\/index.php\/wp-json\/wp\/v2\/tags?post=107140"}],"curies":[{"name":"wp","href":"https:\/\/api.w.org\/{rel}","templated":true}]}}