{"id":1071,"date":"2018-10-06T23:20:00","date_gmt":"2018-10-07T02:20:00","guid":{"rendered":"http:\/\/blogdoedvaldomagalhaes.com.br\/index.php\/2018\/10\/06\/delegado-lessa-com-agenda-intensa-na\/"},"modified":"2019-02-09T02:34:16","modified_gmt":"2019-02-09T04:34:16","slug":"delegado-lessa-com-agenda-intensa-na","status":"publish","type":"post","link":"https:\/\/blogdoedvaldomagalhaes.com.br\/index.php\/2018\/10\/06\/delegado-lessa-com-agenda-intensa-na\/","title":{"rendered":"Delegado Lessa com agenda intensa na v\u00e9spera do dia das elei\u00e7\u00f5es"},"content":{"rendered":"<div class=\"separator\" style=\"clear: both; text-align: center;\">\n<a href=\"https:\/\/2.bp.blogspot.com\/-DUarnJSdMHE\/W7lCqxAUMxI\/AAAAAAAA7YE\/22zEUQXKc_QEwf8XvwqeIIhYg0fys80oQCLcBGAs\/s1600\/ledssa.jpg\" imageanchor=\"1\" style=\"margin-left: 1em; margin-right: 1em;\"><img loading=\"lazy\" decoding=\"async\" border=\"0\" data-original-height=\"339\" data-original-width=\"512\" height=\"422\" src=\"http:\/\/blogdoedvaldomagalhaes.com.br\/wp-content\/uploads\/2018\/10\/ledssa.jpg\" width=\"640\" \/><\/a><\/div>\n<p><\/p>\n<div style=\"text-align: justify;\">\nNa v\u00e9spera do dia das elei\u00e7\u00f5es, a agenda do candidato a deputado estadual Delegado Lessa (Progressistas) est\u00e1 intensa. Lessa fez visita ao Mercado de Carne e de Farinha. Durante a tarde, ap\u00f3s passar por um centro de compras de Caruaru, o Delegado cumpriu agendas no bairro Fernando Lyra, no S\u00edtio Lagoa do Algod\u00e3o e no bairro Nina Liberato.<\/div>\n<div style=\"text-align: justify;\">\n<\/div>\n<div style=\"text-align: justify;\">\nA agenda de a\u00e7\u00f5es do candidato encerrara com uma caminhada no Bairro Santa Rosa. A atividade conta com a participa\u00e7\u00e3o da frente feminina de apoio \u00e0 sua candidatura. No caderno de compromissos do candidato, h\u00e1 uma aten\u00e7\u00e3o especial para a mulher, a exemplo da proposi\u00e7\u00e3o de construir novas unidades da Delegacia da Mulher de acordo com as regi\u00f5es de desenvolvimento do estado.<\/div>\n<div style=\"text-align: justify;\">\n<\/div>\n<div style=\"text-align: justify;\">\nO Delegado Lessa avalia que a popula\u00e7\u00e3o despertou para a renova\u00e7\u00e3o na pol\u00edtica. \u201cTenho feito uma campanha modesta, mas muito verdadeira. Olhando no olho das pessoas, conversando com os cidad\u00e3os. A popula\u00e7\u00e3o clama por renova\u00e7\u00e3o, e o povo sabe que novas a\u00e7\u00f5es pol\u00edticas s\u00f3 ser\u00e3o poss\u00edveis com novos atores\u201d, testifica.<\/div>\n","protected":false},"excerpt":{"rendered":"<p>Na v\u00e9spera do dia das elei\u00e7\u00f5es, a agenda do candidato a deputado estadual Delegado Lessa (Progressistas) est\u00e1 intensa. Lessa fez&hellip;<\/p>\n","protected":false},"author":1,"featured_media":0,"comment_status":"open","ping_status":"open","sticky":false,"template":"","format":"standard","meta":{"footnotes":""},"categories":[1],"tags":[2,1017,20],"class_list":["post-1071","post","type-post","status-publish","format-standard","hentry","category-sem-categoria","tag-blog-do-edvaldo-magalhaes","tag-delegado-lessa-com-agenda-intensa-na-vespera-do-dia-das-eleicoes","tag-politica"],"_links":{"self":[{"href":"https:\/\/blogdoedvaldomagalhaes.com.br\/index.php\/wp-json\/wp\/v2\/posts\/1071","targetHints":{"allow":["GET"]}}],"collection":[{"href":"https:\/\/blogdoedvaldomagalhaes.com.br\/index.php\/wp-json\/wp\/v2\/posts"}],"about":[{"href":"https:\/\/blogdoedvaldomagalhaes.com.br\/index.php\/wp-json\/wp\/v2\/types\/post"}],"author":[{"embeddable":true,"href":"https:\/\/blogdoedvaldomagalhaes.com.br\/index.php\/wp-json\/wp\/v2\/users\/1"}],"replies":[{"embeddable":true,"href":"https:\/\/blogdoedvaldomagalhaes.com.br\/index.php\/wp-json\/wp\/v2\/comments?post=1071"}],"version-history":[{"count":1,"href":"https:\/\/blogdoedvaldomagalhaes.com.br\/index.php\/wp-json\/wp\/v2\/posts\/1071\/revisions"}],"predecessor-version":[{"id":34744,"href":"https:\/\/blogdoedvaldomagalhaes.com.br\/index.php\/wp-json\/wp\/v2\/posts\/1071\/revisions\/34744"}],"wp:attachment":[{"href":"https:\/\/blogdoedvaldomagalhaes.com.br\/index.php\/wp-json\/wp\/v2\/media?parent=1071"}],"wp:term":[{"taxonomy":"category","embeddable":true,"href":"https:\/\/blogdoedvaldomagalhaes.com.br\/index.php\/wp-json\/wp\/v2\/categories?post=1071"},{"taxonomy":"post_tag","embeddable":true,"href":"https:\/\/blogdoedvaldomagalhaes.com.br\/index.php\/wp-json\/wp\/v2\/tags?post=1071"}],"curies":[{"name":"wp","href":"https:\/\/api.w.org\/{rel}","templated":true}]}}