{"id":107082,"date":"2024-04-03T20:09:39","date_gmt":"2024-04-03T23:09:39","guid":{"rendered":"https:\/\/blogdoedvaldomagalhaes.com.br\/?p=107082"},"modified":"2024-04-03T20:09:41","modified_gmt":"2024-04-03T23:09:41","slug":"governo-pe-divulga-calendario-de-pagamento-da-3a-parcela-do-fundef","status":"publish","type":"post","link":"https:\/\/blogdoedvaldomagalhaes.com.br\/index.php\/2024\/04\/03\/governo-pe-divulga-calendario-de-pagamento-da-3a-parcela-do-fundef\/","title":{"rendered":"Governo-PE divulga calend\u00e1rio de pagamento da 3\u00aa parcela do Fundef"},"content":{"rendered":"<p>O Governo de Pernambuco, atrav\u00e9s da Secretaria de Educa\u00e7\u00e3o e Esportes, divulgou, nesta quarta-feira (3), o calend\u00e1rio de pagamento dos precat\u00f3rios do Fundo de Manuten\u00e7\u00e3o e Desenvolvimento do Ensino Fundamental e de Valoriza\u00e7\u00e3o do Magist\u00e9rio (Fundef). O repasse \u00e9 referente a uma d\u00edvida que a Uni\u00e3o tem com o Estado e beneficia os profissionais do magist\u00e9rio da educa\u00e7\u00e3o b\u00e1sica (estatut\u00e1rios, tempor\u00e1rios e celetistas) que atuaram na Rede Estadual de Ensino entre 1997 e 2006. O pagamento ser\u00e1 realizado no dia oito de maio, garantido a todos que t\u00eam o seu cadastro preenchido e devidamente validado. As datas posteriores servir\u00e3o para os pagamentos dos que estiverem se regularizando. Ser\u00e3o mais de 63 mil pessoas beneficiadas pelo Fundef. <\/p>\n<p>\u201cO Governo de Pernambuco est\u00e1 empenhado em garantir que os recursos dos precat\u00f3rios do Fundef cheguem o quanto antes aos professores ativos e inativos que t\u00eam o direito ao recebimento. S\u00e3o mais de novecentos milh\u00f5es de reais esse ano. Estamos divulgando o calend\u00e1rio e colocando a equipe da Secretaria de Educa\u00e7\u00e3o \u00e0 disposi\u00e7\u00e3o, por telefone, Whatsapp e e-mail, para esclarecer todas as d\u00favidas. Todas as a\u00e7\u00f5es que visem prestigiar os professores e a educa\u00e7\u00e3o s\u00e3o prioridade da nossa gest\u00e3o\u201d, registrou a governadora Raquel Lyra. <\/p>\n<p>A plataforma https:\/\/precatoriofundef.educacao.pe.gov.br\/ estar\u00e1 aberta para atualiza\u00e7\u00e3o de dados e contesta\u00e7\u00e3o entre os dias 15 e 21 de abril. \u00c0 medida que os benefici\u00e1rios e herdeiros que ainda n\u00e3o realizaram o cadastro o fizerem e seus dados forem confirmados, eles ser\u00e3o inclu\u00eddos no pr\u00f3ximo m\u00eas de pagamento. Nos casos em que forem encontradas diverg\u00eancias na documenta\u00e7\u00e3o, a SEE ir\u00e1 enviar e-mail ao requerente para a devida corre\u00e7\u00e3o.<\/p>\n<p>Os canais de atendimento est\u00e3o dispon\u00edveis para quem ainda tiver alguma d\u00favida de segunda a sexta-feira, das 8h \u00e0s 17h, pelos telefones (81) 3183-8773 \/ 3183-8808, pelo WhatsApp (81) 98877-1584 ou por e-mail fundefprecatorio@adm.educacao.pe.gov.br.<\/p>\n<p>*Cronograma*<\/p>\n<p>Abertura da Plataforma (atualiza\u00e7\u00e3o de dados e contesta\u00e7\u00e3o) &#8211; 15 de abril<br \/>\nAn\u00e1lise das contesta\u00e7\u00f5es e atualiza\u00e7\u00e3o de dados &#8211; 22 de abril<br \/>\n3\u00ba C\u00e1lculo &#8211; Fechamento geral do \u00edndice, ap\u00f3s inclus\u00e3o das decis\u00f5es das contesta\u00e7\u00f5es &#8211; 02 de maio<br \/>\nIn\u00edcio dos Pagamentos &#8211; 08 de maio<\/p>\n<p>Maio &#8211; 08 e 17<br \/>\nJunho &#8211; 21<br \/>\nJulho &#8211; 19<br \/>\nAgosto &#8211; 23<br \/>\nSetembro &#8211; 20<br \/>\nOutubro &#8211; 18<br \/>\nNovembro &#8211; 22<br \/>\nDezembro &#8211; 20<br \/>\nCr\u00e9dito: Hes\u00edodo G\u00f3es\/Secom<\/p>\n<p>Seja seguidor do Instagram do Blog @blogdoedvaldomagalhaes<\/p>\n","protected":false},"excerpt":{"rendered":"<p>O Governo de Pernambuco, atrav\u00e9s da Secretaria de Educa\u00e7\u00e3o e Esportes, divulgou, nesta quarta-feira (3), o calend\u00e1rio de pagamento dos&hellip;<\/p>\n","protected":false},"author":1,"featured_media":107083,"comment_status":"closed","ping_status":"open","sticky":false,"template":"","format":"standard","meta":{"footnotes":""},"categories":[14120],"tags":[29440,2,28801,3406,30155,20,1229],"class_list":["post-107082","post","type-post","status-publish","format-standard","has-post-thumbnail","hentry","category-noticias","tag-blog-com-mais-visualizacao","tag-blog-do-edvaldo-magalhaes","tag-blog-mais-acessado","tag-caruaru","tag-governo-de-pernambuco-divulga-calendario-de-pagamento-da-3a-parcela-do-fundef","tag-politica","tag-raquel-lyra"],"_links":{"self":[{"href":"https:\/\/blogdoedvaldomagalhaes.com.br\/index.php\/wp-json\/wp\/v2\/posts\/107082","targetHints":{"allow":["GET"]}}],"collection":[{"href":"https:\/\/blogdoedvaldomagalhaes.com.br\/index.php\/wp-json\/wp\/v2\/posts"}],"about":[{"href":"https:\/\/blogdoedvaldomagalhaes.com.br\/index.php\/wp-json\/wp\/v2\/types\/post"}],"author":[{"embeddable":true,"href":"https:\/\/blogdoedvaldomagalhaes.com.br\/index.php\/wp-json\/wp\/v2\/users\/1"}],"replies":[{"embeddable":true,"href":"https:\/\/blogdoedvaldomagalhaes.com.br\/index.php\/wp-json\/wp\/v2\/comments?post=107082"}],"version-history":[{"count":1,"href":"https:\/\/blogdoedvaldomagalhaes.com.br\/index.php\/wp-json\/wp\/v2\/posts\/107082\/revisions"}],"predecessor-version":[{"id":107084,"href":"https:\/\/blogdoedvaldomagalhaes.com.br\/index.php\/wp-json\/wp\/v2\/posts\/107082\/revisions\/107084"}],"wp:featuredmedia":[{"embeddable":true,"href":"https:\/\/blogdoedvaldomagalhaes.com.br\/index.php\/wp-json\/wp\/v2\/media\/107083"}],"wp:attachment":[{"href":"https:\/\/blogdoedvaldomagalhaes.com.br\/index.php\/wp-json\/wp\/v2\/media?parent=107082"}],"wp:term":[{"taxonomy":"category","embeddable":true,"href":"https:\/\/blogdoedvaldomagalhaes.com.br\/index.php\/wp-json\/wp\/v2\/categories?post=107082"},{"taxonomy":"post_tag","embeddable":true,"href":"https:\/\/blogdoedvaldomagalhaes.com.br\/index.php\/wp-json\/wp\/v2\/tags?post=107082"}],"curies":[{"name":"wp","href":"https:\/\/api.w.org\/{rel}","templated":true}]}}