{"id":107079,"date":"2024-04-03T18:52:26","date_gmt":"2024-04-03T21:52:26","guid":{"rendered":"https:\/\/blogdoedvaldomagalhaes.com.br\/?p=107079"},"modified":"2024-04-03T18:52:27","modified_gmt":"2024-04-03T21:52:27","slug":"secretaria-de-saude-de-caruaru-esta-com-inscricoes-abertas-para-o-iii-curso-de-cuidador-da-pessoa-idosa","status":"publish","type":"post","link":"https:\/\/blogdoedvaldomagalhaes.com.br\/index.php\/2024\/04\/03\/secretaria-de-saude-de-caruaru-esta-com-inscricoes-abertas-para-o-iii-curso-de-cuidador-da-pessoa-idosa\/","title":{"rendered":"Secretaria de Sa\u00fade de Caruaru est\u00e1 com inscri\u00e7\u00f5es abertas para o III Curso de Cuidador da Pessoa Idosa"},"content":{"rendered":"<p>A Secretaria Municipal de Sa\u00fade de Caruaru (SMS), por meio da Coordena\u00e7\u00e3o de Pol\u00edticas Estrat\u00e9gicas, est\u00e1 com inscri\u00e7\u00f5es abertas para o III Curso de Cuidador da Pessoa Idosa. A forma\u00e7\u00e3o \u00e9 gratuita e ser\u00e1 realizada de forma presencial, no audit\u00f3rio da SMS, que fica localizado na Avenida Vera Cruz, n\u00ba 654, bairro S\u00e3o Francisco. \u00c9 necess\u00e1rio ter acima de 18 anos e o ensino m\u00e9dio completo. O curso inicia no dia 18 de abril e as inscri\u00e7\u00f5es estar\u00e3o dispon\u00edveis at\u00e9 o dia 14 deste m\u00eas. Ser\u00e3o disponibilizadas 50 vagas. Os interessados devem se inscrever atrav\u00e9s do link https:\/\/forms.gle\/m295JF93h4RJyXAv8 que d\u00e1 acesso ao formul\u00e1rio de inscri\u00e7\u00e3o. <\/p>\n<p>*Servi\u00e7o:*<\/p>\n<p>. Atividade: Inscri\u00e7\u00f5es para o III Curso de Cuidador da Pessoa Idosa, da Secretaria Municipal de Sa\u00fade de Caruaru (presencial).<br \/>\n. Inscri\u00e7\u00f5es: Atrav\u00e9s do link https:\/\/forms.gle\/m295JF93h4RJyXAv8<br \/>\n. Per\u00edodo de inscri\u00e7\u00f5es: Entre 1\u00ba e 14 de abril de 2024.<br \/>\nFoto: Jorge Farias\/Secom\/PMC<\/p>\n<p>Seja seguidor do Instagram do Blog @blogdoedvaldomagalhaes<\/p>\n","protected":false},"excerpt":{"rendered":"<p>A Secretaria Municipal de Sa\u00fade de Caruaru (SMS), por meio da Coordena\u00e7\u00e3o de Pol\u00edticas Estrat\u00e9gicas, est\u00e1 com inscri\u00e7\u00f5es abertas para&hellip;<\/p>\n","protected":false},"author":1,"featured_media":107080,"comment_status":"closed","ping_status":"open","sticky":false,"template":"","format":"standard","meta":{"footnotes":""},"categories":[14120],"tags":[29440,2,28801,3406,30154],"class_list":["post-107079","post","type-post","status-publish","format-standard","has-post-thumbnail","hentry","category-noticias","tag-blog-com-mais-visualizacao","tag-blog-do-edvaldo-magalhaes","tag-blog-mais-acessado","tag-caruaru","tag-secretaria-de-saude-de-caruaru-esta-com-inscricoes-abertas-para-o-iii-curso-de-cuidador-da-pessoa-idosa"],"_links":{"self":[{"href":"https:\/\/blogdoedvaldomagalhaes.com.br\/index.php\/wp-json\/wp\/v2\/posts\/107079","targetHints":{"allow":["GET"]}}],"collection":[{"href":"https:\/\/blogdoedvaldomagalhaes.com.br\/index.php\/wp-json\/wp\/v2\/posts"}],"about":[{"href":"https:\/\/blogdoedvaldomagalhaes.com.br\/index.php\/wp-json\/wp\/v2\/types\/post"}],"author":[{"embeddable":true,"href":"https:\/\/blogdoedvaldomagalhaes.com.br\/index.php\/wp-json\/wp\/v2\/users\/1"}],"replies":[{"embeddable":true,"href":"https:\/\/blogdoedvaldomagalhaes.com.br\/index.php\/wp-json\/wp\/v2\/comments?post=107079"}],"version-history":[{"count":1,"href":"https:\/\/blogdoedvaldomagalhaes.com.br\/index.php\/wp-json\/wp\/v2\/posts\/107079\/revisions"}],"predecessor-version":[{"id":107081,"href":"https:\/\/blogdoedvaldomagalhaes.com.br\/index.php\/wp-json\/wp\/v2\/posts\/107079\/revisions\/107081"}],"wp:featuredmedia":[{"embeddable":true,"href":"https:\/\/blogdoedvaldomagalhaes.com.br\/index.php\/wp-json\/wp\/v2\/media\/107080"}],"wp:attachment":[{"href":"https:\/\/blogdoedvaldomagalhaes.com.br\/index.php\/wp-json\/wp\/v2\/media?parent=107079"}],"wp:term":[{"taxonomy":"category","embeddable":true,"href":"https:\/\/blogdoedvaldomagalhaes.com.br\/index.php\/wp-json\/wp\/v2\/categories?post=107079"},{"taxonomy":"post_tag","embeddable":true,"href":"https:\/\/blogdoedvaldomagalhaes.com.br\/index.php\/wp-json\/wp\/v2\/tags?post=107079"}],"curies":[{"name":"wp","href":"https:\/\/api.w.org\/{rel}","templated":true}]}}