{"id":107049,"date":"2024-04-02T23:05:13","date_gmt":"2024-04-03T02:05:13","guid":{"rendered":"https:\/\/blogdoedvaldomagalhaes.com.br\/?p=107049"},"modified":"2024-04-02T23:05:14","modified_gmt":"2024-04-03T02:05:14","slug":"viatura-da-pm-capota-e-vai-parar-no-canteiro-central-da-br-232","status":"publish","type":"post","link":"https:\/\/blogdoedvaldomagalhaes.com.br\/index.php\/2024\/04\/02\/viatura-da-pm-capota-e-vai-parar-no-canteiro-central-da-br-232\/","title":{"rendered":"Viatura da PM capota e vai parar no canteiro central da BR 232"},"content":{"rendered":"<p>O motorista perdeu o controle da dire\u00e7\u00e3o da viatura que estava se aproximando de uma curva quando capotou pelo menos cinco vezes, parando no canteiro central da via. De acordo com a PRF, o policial ficou ferido e precisou ser socorrido pelo Servi\u00e7o de Atendimento M\u00f3vel de Urg\u00eancia (Samu) e foi encaminhado para uma unidade de sa\u00fade de Bezerros.<\/p>\n<p>O sinistro de tr\u00e2nsito ocorreu por volta das 15h30, desta ter\u00e7a-feira (02.04), no Km 90,1 da BR 232, em Sair\u00e9, no sentido Caruaru, no Agreste de Pernambuco. Foto:,Reprodu\u00e7\u00e3o\/WhatsApp<\/p>\n<p>Seja seguidor do Instagram do Blog @blogdoedvaldomagalhaes<\/p>\n","protected":false},"excerpt":{"rendered":"<p>O motorista perdeu o controle da dire\u00e7\u00e3o da viatura que estava se aproximando de uma curva quando capotou pelo menos&hellip;<\/p>\n","protected":false},"author":1,"featured_media":107050,"comment_status":"closed","ping_status":"open","sticky":false,"template":"","format":"standard","meta":{"footnotes":""},"categories":[14120],"tags":[29440,2,28801,3406,30145],"class_list":["post-107049","post","type-post","status-publish","format-standard","has-post-thumbnail","hentry","category-noticias","tag-blog-com-mais-visualizacao","tag-blog-do-edvaldo-magalhaes","tag-blog-mais-acessado","tag-caruaru","tag-viatura-da-pm-capota-e-vai-parar-no-canteiro-central-da-br-232"],"_links":{"self":[{"href":"https:\/\/blogdoedvaldomagalhaes.com.br\/index.php\/wp-json\/wp\/v2\/posts\/107049","targetHints":{"allow":["GET"]}}],"collection":[{"href":"https:\/\/blogdoedvaldomagalhaes.com.br\/index.php\/wp-json\/wp\/v2\/posts"}],"about":[{"href":"https:\/\/blogdoedvaldomagalhaes.com.br\/index.php\/wp-json\/wp\/v2\/types\/post"}],"author":[{"embeddable":true,"href":"https:\/\/blogdoedvaldomagalhaes.com.br\/index.php\/wp-json\/wp\/v2\/users\/1"}],"replies":[{"embeddable":true,"href":"https:\/\/blogdoedvaldomagalhaes.com.br\/index.php\/wp-json\/wp\/v2\/comments?post=107049"}],"version-history":[{"count":1,"href":"https:\/\/blogdoedvaldomagalhaes.com.br\/index.php\/wp-json\/wp\/v2\/posts\/107049\/revisions"}],"predecessor-version":[{"id":107051,"href":"https:\/\/blogdoedvaldomagalhaes.com.br\/index.php\/wp-json\/wp\/v2\/posts\/107049\/revisions\/107051"}],"wp:featuredmedia":[{"embeddable":true,"href":"https:\/\/blogdoedvaldomagalhaes.com.br\/index.php\/wp-json\/wp\/v2\/media\/107050"}],"wp:attachment":[{"href":"https:\/\/blogdoedvaldomagalhaes.com.br\/index.php\/wp-json\/wp\/v2\/media?parent=107049"}],"wp:term":[{"taxonomy":"category","embeddable":true,"href":"https:\/\/blogdoedvaldomagalhaes.com.br\/index.php\/wp-json\/wp\/v2\/categories?post=107049"},{"taxonomy":"post_tag","embeddable":true,"href":"https:\/\/blogdoedvaldomagalhaes.com.br\/index.php\/wp-json\/wp\/v2\/tags?post=107049"}],"curies":[{"name":"wp","href":"https:\/\/api.w.org\/{rel}","templated":true}]}}