{"id":107041,"date":"2024-04-02T17:34:41","date_gmt":"2024-04-02T20:34:41","guid":{"rendered":"https:\/\/blogdoedvaldomagalhaes.com.br\/?p=107041"},"modified":"2024-04-02T17:34:42","modified_gmt":"2024-04-02T20:34:42","slug":"anderson-correia-solicita-que-seja-criada-uma-arena-multiesportiva-no-autodromo-de-caruaru","status":"publish","type":"post","link":"https:\/\/blogdoedvaldomagalhaes.com.br\/index.php\/2024\/04\/02\/anderson-correia-solicita-que-seja-criada-uma-arena-multiesportiva-no-autodromo-de-caruaru\/","title":{"rendered":"Anderson Correia solicita que seja criada uma Arena Multiesportiva no aut\u00f3dromo de Caruaru"},"content":{"rendered":"<p><span style=\"font-size: revert;\">O vereador Anderson Correia (PP) segue buscando formas de evidenciar a necessidade de reerguer o Aut\u00f3dromo Ayrton Senna, em Caruaru. Desta vez, o parlamentar protocolou uma indica\u00e7\u00e3o e um requerimento para o Governo Federal e o Poder Executivo Municipal, respectivamente, para que sejam emanados esfor\u00e7os para que seja criada, no aut\u00f3dromo, uma Arena Multiesportiva.<\/span><\/p>\n<p>A ideia \u00e9 fazer do local um equipamento multiuso, capaz de receber diversas competi\u00e7\u00f5es de v\u00e1rias modalidades a n\u00edvel estadual e nacional, com esportes ol\u00edmpicos, entre outros, mas sem deixar de receber corridas de grandes competi\u00e7\u00f5es do automobilismo, como a F\u00f3rmula Truck.<\/p>\n<p>\u201cPrecisamos fazer alguma coisa para que o nosso aut\u00f3dromo volte a receber competi\u00e7\u00f5es e eventos em geral. N\u00e3o podemos ter um equipamento t\u00e3o grandioso como este, esportivamente falando e em estrutura, parado e em desuso. A cria\u00e7\u00e3o de uma arena multiesportiva seria essencial para tirar o aut\u00f3dromo do ostracismo e evidenci\u00e1-lo ainda mais, com diversas competi\u00e7\u00f5es, tornando o lugar refer\u00eancia para todo Brasil. Tudo isso fomenta a economia local, com gera\u00e7\u00e3o de emprego e renda, al\u00e9m de movimentar a rede hoteleira da cidade\u201d, destacou Anderson. Foto: Vladimir Barreto<\/p>\n<p>Seja seguidor do Instagram do Blog @blogdoedvaldomagalhaes<\/p>\n","protected":false},"excerpt":{"rendered":"<p>O vereador Anderson Correia (PP) segue buscando formas de evidenciar a necessidade de reerguer o Aut\u00f3dromo Ayrton Senna, em Caruaru.&hellip;<\/p>\n","protected":false},"author":1,"featured_media":107042,"comment_status":"closed","ping_status":"open","sticky":false,"template":"","format":"standard","meta":{"footnotes":""},"categories":[14122],"tags":[29440,2,28801,3406,20295],"class_list":["post-107041","post","type-post","status-publish","format-standard","has-post-thumbnail","hentry","category-politica","tag-blog-com-mais-visualizacao","tag-blog-do-edvaldo-magalhaes","tag-blog-mais-acessado","tag-caruaru","tag-politica-2"],"_links":{"self":[{"href":"https:\/\/blogdoedvaldomagalhaes.com.br\/index.php\/wp-json\/wp\/v2\/posts\/107041","targetHints":{"allow":["GET"]}}],"collection":[{"href":"https:\/\/blogdoedvaldomagalhaes.com.br\/index.php\/wp-json\/wp\/v2\/posts"}],"about":[{"href":"https:\/\/blogdoedvaldomagalhaes.com.br\/index.php\/wp-json\/wp\/v2\/types\/post"}],"author":[{"embeddable":true,"href":"https:\/\/blogdoedvaldomagalhaes.com.br\/index.php\/wp-json\/wp\/v2\/users\/1"}],"replies":[{"embeddable":true,"href":"https:\/\/blogdoedvaldomagalhaes.com.br\/index.php\/wp-json\/wp\/v2\/comments?post=107041"}],"version-history":[{"count":1,"href":"https:\/\/blogdoedvaldomagalhaes.com.br\/index.php\/wp-json\/wp\/v2\/posts\/107041\/revisions"}],"predecessor-version":[{"id":107043,"href":"https:\/\/blogdoedvaldomagalhaes.com.br\/index.php\/wp-json\/wp\/v2\/posts\/107041\/revisions\/107043"}],"wp:featuredmedia":[{"embeddable":true,"href":"https:\/\/blogdoedvaldomagalhaes.com.br\/index.php\/wp-json\/wp\/v2\/media\/107042"}],"wp:attachment":[{"href":"https:\/\/blogdoedvaldomagalhaes.com.br\/index.php\/wp-json\/wp\/v2\/media?parent=107041"}],"wp:term":[{"taxonomy":"category","embeddable":true,"href":"https:\/\/blogdoedvaldomagalhaes.com.br\/index.php\/wp-json\/wp\/v2\/categories?post=107041"},{"taxonomy":"post_tag","embeddable":true,"href":"https:\/\/blogdoedvaldomagalhaes.com.br\/index.php\/wp-json\/wp\/v2\/tags?post=107041"}],"curies":[{"name":"wp","href":"https:\/\/api.w.org\/{rel}","templated":true}]}}