{"id":107038,"date":"2024-04-02T12:09:27","date_gmt":"2024-04-02T15:09:27","guid":{"rendered":"https:\/\/blogdoedvaldomagalhaes.com.br\/?p=107038"},"modified":"2024-04-02T12:09:27","modified_gmt":"2024-04-02T15:09:27","slug":"em-reuniao-do-juntos-pela-seguranca-governadora-raquel-lyra-apresenta-panorama-do-sistema-penitenciario-para-secretario-do-ministerio-da-justica","status":"publish","type":"post","link":"https:\/\/blogdoedvaldomagalhaes.com.br\/index.php\/2024\/04\/02\/em-reuniao-do-juntos-pela-seguranca-governadora-raquel-lyra-apresenta-panorama-do-sistema-penitenciario-para-secretario-do-ministerio-da-justica\/","title":{"rendered":"Em reuni\u00e3o do Juntos pela Seguran\u00e7a, governadora Raquel Lyra apresenta panorama do sistema penitenci\u00e1rio para secret\u00e1rio do Minist\u00e9rio da Justi\u00e7a"},"content":{"rendered":"<p>A governadora Raquel Lyra apresentou, na noite desta segunda-feira (1\u00ba), ao secret\u00e1rio nacional de Pol\u00edticas Penais do Minist\u00e9rio da Justi\u00e7a, Andr\u00e9 Garcia, as a\u00e7\u00f5es que est\u00e3o sendo realizadas e planejadas para o aperfei\u00e7oamento do sistema penitenci\u00e1rio do Estado. A apresenta\u00e7\u00e3o foi realizada durante a reuni\u00e3o semanal de monitoramento do Juntos pela Seguran\u00e7a, com a participa\u00e7\u00e3o da vice-governadora Priscila Krause. Para assegurar a amplia\u00e7\u00e3o de vagas no sistema prisional, o Governo de Pernambuco garante, apenas em 2024, o or\u00e7amento de R$ 105 milh\u00f5es.<\/p>\n<p>Na ocasi\u00e3o, a governadora mencionou o refor\u00e7o na seguran\u00e7a atrav\u00e9s da nomea\u00e7\u00e3o de 416 policiais penais feita pela atual gest\u00e3o no ano passado, al\u00e9m de novos concursos para outras corpora\u00e7\u00f5es. O certame da Pol\u00edcia Civil, que teve o resultado final das provas objetivas divulgado nesta segunda, ter\u00e1 o dobro das 445 vagas anunciadas inicialmente, a Pol\u00edcia Militar ter\u00e1 a convoca\u00e7\u00e3o de 5.250 vagas e a Pol\u00edcia Cient\u00edfica abrir\u00e1 o concurso ainda este ano.<\/p>\n<p>\u201cA equipe t\u00e9cnica do Minist\u00e9rio da Justi\u00e7a esteve desde o primeiro momento do nosso governo \u00e0 disposi\u00e7\u00e3o para que a gente pudesse redesenhar o sistema penitenci\u00e1rio em Pernambuco. E temos feito a\u00e7\u00f5es para essas melhorias, como foi o caso da cria\u00e7\u00e3o da Administra\u00e7\u00e3o Penitenci\u00e1ria e Ressocializa\u00e7\u00e3o para dar foco e planejamento \u00e0 gest\u00e3o do sistema penitenci\u00e1rio, o que \u00e9 fundamental para reduzir a criminalidade no Estado. Agrade\u00e7o a disponibilidade do secret\u00e1rio Andr\u00e9 em ter participado da reuni\u00e3o e pelo importante apoio do Minist\u00e9rio da Justi\u00e7a no Estado\u201d destacou a governadora Raquel Lyra.<\/p>\n<p>\u201cViemos aqui atender ao convite da governadora Raquel Lyra. Conhecemos o programa Juntos pela Seguran\u00e7a e aproveitamos para refor\u00e7ar a parceria e o compromisso do Governo Federal com o Estado de Pernambuco. Vamos trabalhar juntos, disponibilizando o que for poss\u00edvel de equipamentos que possam garantir a seguran\u00e7a p\u00fablica e tudo que envolve a seguran\u00e7a do sistema penitenci\u00e1rio para a sociedade pernambucana, como aparelhos de raio-x, bodycams e c\u00e2meras de videomonitoramento\u201d, afirmou Andr\u00e9 Garcia, secret\u00e1rio nacional de Pol\u00edticas Penais.<\/p>\n<p>Para o secret\u00e1rio estadual de Defesa Social, Alessandro Carvalho, a reuni\u00e3o foi uma oportunidade importante para troca de experi\u00eancias sobre a seguran\u00e7a p\u00fablica. \u201cO secret\u00e1rio Andr\u00e9 Garcia fez uma explana\u00e7\u00e3o sobre a secretaria nacional e as possibilidades de integra\u00e7\u00e3o. Da mesma forma, destacamos os investimentos na seguran\u00e7a p\u00fablica do Estado para desarticular grupos criminosos e impedir que novos delitos sejam determinados de dentro das unidades prisionais\u201d, explicou o secret\u00e1rio.<\/p>\n<p>Estiveram presentes na reuni\u00e3o o secret\u00e1rio de Planejamento, Gest\u00e3o e Desenvolvimento Regional, Fabr\u00edcio Marques; o comandante da Pol\u00edcia Militar de Pernambuco, coronel Ivanildo Torres; e o comandante-geral do Corpo de Bombeiros Militar, coronel Luciano Alves, al\u00e9m de outros representantes da seguran\u00e7a p\u00fablica do Estado.<br \/>\nFoto: Hes\u00edodo G\u00f3es\/Secom<\/p>\n<p>Seja seguidor do Instagram do Blog @blogdoedvaldomagalhaes<\/p>\n","protected":false},"excerpt":{"rendered":"<p>A governadora Raquel Lyra apresentou, na noite desta segunda-feira (1\u00ba), ao secret\u00e1rio nacional de Pol\u00edticas Penais do Minist\u00e9rio da Justi\u00e7a,&hellip;<\/p>\n","protected":false},"author":1,"featured_media":107039,"comment_status":"closed","ping_status":"open","sticky":false,"template":"","format":"standard","meta":{"footnotes":""},"categories":[14122],"tags":[29440,2,28801,3406,30143],"class_list":["post-107038","post","type-post","status-publish","format-standard","has-post-thumbnail","hentry","category-politica","tag-blog-com-mais-visualizacao","tag-blog-do-edvaldo-magalhaes","tag-blog-mais-acessado","tag-caruaru","tag-em-reuniao-do-juntos-pela-seguranca-governadora-raquel-lyra-apresenta-panorama-do-sistema-penitenciario-para-secretario-do-ministerio-da-justica"],"_links":{"self":[{"href":"https:\/\/blogdoedvaldomagalhaes.com.br\/index.php\/wp-json\/wp\/v2\/posts\/107038","targetHints":{"allow":["GET"]}}],"collection":[{"href":"https:\/\/blogdoedvaldomagalhaes.com.br\/index.php\/wp-json\/wp\/v2\/posts"}],"about":[{"href":"https:\/\/blogdoedvaldomagalhaes.com.br\/index.php\/wp-json\/wp\/v2\/types\/post"}],"author":[{"embeddable":true,"href":"https:\/\/blogdoedvaldomagalhaes.com.br\/index.php\/wp-json\/wp\/v2\/users\/1"}],"replies":[{"embeddable":true,"href":"https:\/\/blogdoedvaldomagalhaes.com.br\/index.php\/wp-json\/wp\/v2\/comments?post=107038"}],"version-history":[{"count":1,"href":"https:\/\/blogdoedvaldomagalhaes.com.br\/index.php\/wp-json\/wp\/v2\/posts\/107038\/revisions"}],"predecessor-version":[{"id":107040,"href":"https:\/\/blogdoedvaldomagalhaes.com.br\/index.php\/wp-json\/wp\/v2\/posts\/107038\/revisions\/107040"}],"wp:featuredmedia":[{"embeddable":true,"href":"https:\/\/blogdoedvaldomagalhaes.com.br\/index.php\/wp-json\/wp\/v2\/media\/107039"}],"wp:attachment":[{"href":"https:\/\/blogdoedvaldomagalhaes.com.br\/index.php\/wp-json\/wp\/v2\/media?parent=107038"}],"wp:term":[{"taxonomy":"category","embeddable":true,"href":"https:\/\/blogdoedvaldomagalhaes.com.br\/index.php\/wp-json\/wp\/v2\/categories?post=107038"},{"taxonomy":"post_tag","embeddable":true,"href":"https:\/\/blogdoedvaldomagalhaes.com.br\/index.php\/wp-json\/wp\/v2\/tags?post=107038"}],"curies":[{"name":"wp","href":"https:\/\/api.w.org\/{rel}","templated":true}]}}