{"id":107021,"date":"2024-04-02T07:12:18","date_gmt":"2024-04-02T10:12:18","guid":{"rendered":"https:\/\/blogdoedvaldomagalhaes.com.br\/?p=107021"},"modified":"2024-04-02T07:23:21","modified_gmt":"2024-04-02T10:23:21","slug":"inscricoes-abertas-para-curso-gratuito-de-audiodescricao-em-artes-visuais-em-caruaru","status":"publish","type":"post","link":"https:\/\/blogdoedvaldomagalhaes.com.br\/index.php\/2024\/04\/02\/inscricoes-abertas-para-curso-gratuito-de-audiodescricao-em-artes-visuais-em-caruaru\/","title":{"rendered":"Inscri\u00e7\u00f5es abertas para curso gratuito de Audiodescri\u00e7\u00e3o em Artes visuais em Caruaru"},"content":{"rendered":"<p>Est\u00e3o abertas as inscri\u00e7\u00f5es para o \u201cPra todo mundo ver\u201d &#8211;  um curso de audiodescri\u00e7\u00e3o em artes visuais voltado para artistas visuais, comunicadores, produtores culturais e\/ou pessoas interessadas em acessibilidade nas artes visuais.<\/p>\n<p>Com aulas presenciais em Caruaru (PE), o curso tem o total de 20 vagas e ser\u00e1 ministrado pelos formadores em audiodescri\u00e7\u00e3o Michell Platini e Vanessa Marques. Ao final da carga hor\u00e1ria de 40h, dividida entre aulas te\u00f3ricas e mentoria individual, os alunos contar\u00e3o com uma exposi\u00e7\u00e3o de arte audiodescrita por eles. <\/p>\n<p>\u201cA proposta do curso \u00e9 que artistas visuais pensem em pessoas com defici\u00eancia visual ou com baixa vis\u00e3o como amplia\u00e7\u00e3o de p\u00fablico para suas obras, possibilitando enxergar a defici\u00eancia visual al\u00e9m dos estigmas da escurid\u00e3o e da limita\u00e7\u00e3o para imagem, mas como pot\u00eancia para pensarmos outras possibilidades dessa linguagem, por caminhos que n\u00e3o se limitam ao canal da vis\u00e3o, de modo criativo, art\u00edstico e funcional\u201d, explica Humberto Bot\u00e3o, coordenador do projeto. <\/p>\n<p>As aulas ser\u00e3o aos s\u00e1bados, com in\u00edcio no dia 20 de abril, no Sesc Caruaru. As inscri\u00e7\u00f5es s\u00e3o gratuitas e os interessados devem buscar pelo perfil @circullusdeideia no Instagram e clicar no link da bio para preencher o formul\u00e1rio de inscri\u00e7\u00e3o ou ir direto no link<br \/>\nbit.ly\/Pratodomundover.   <\/p>\n<p>O projeto &#8216;Pra todo mundo ver&#8217; foi aprovado no edital Funcultura Geral 2021\/2022, na categoria de Artes Visuais, sob n\u00famero 152079, e \u00e9 incentivado pelo Governo de Pernambuco, atrav\u00e9s da Secretaria de Cultura, Funda\u00e7\u00e3o do Patrim\u00f4nio Hist\u00f3rico e Art\u00edstico de Pernambuco (Fundarpe) e Fundo Pernambucano de Incentivo \u00e0 Cultura (Funcultura), e apoio do SESC Caruaru.<\/p>\n<p>Curso de Audiodescri\u00e7\u00e3o em artes visuais<\/p>\n<p>Inscri\u00e7\u00f5es gratuitas at\u00e9 o dia 07.04<br \/>\nAulas com in\u00edcio no dia 20.04<br \/>\nSesc Caruaru<br \/>\nLink para inscri\u00e7\u00e3o: https:\/\/bit.ly\/Pratodomundover<\/p>\n<p>Seja seguidor do Instagram do Blog @blogdoedvaldomagalhaes<\/p>\n","protected":false},"excerpt":{"rendered":"<p>Est\u00e3o abertas as inscri\u00e7\u00f5es para o \u201cPra todo mundo ver\u201d &#8211; um curso de audiodescri\u00e7\u00e3o em artes visuais voltado para&hellip;<\/p>\n","protected":false},"author":1,"featured_media":107023,"comment_status":"closed","ping_status":"open","sticky":false,"template":"","format":"standard","meta":{"footnotes":""},"categories":[14120],"tags":[29440,2,28801,3406,30140],"class_list":["post-107021","post","type-post","status-publish","format-standard","has-post-thumbnail","hentry","category-noticias","tag-blog-com-mais-visualizacao","tag-blog-do-edvaldo-magalhaes","tag-blog-mais-acessado","tag-caruaru","tag-inscricoes-abertas-para-curso-gratuito-de-audiodescricao-em-artes-visuais-em-caruaru"],"_links":{"self":[{"href":"https:\/\/blogdoedvaldomagalhaes.com.br\/index.php\/wp-json\/wp\/v2\/posts\/107021","targetHints":{"allow":["GET"]}}],"collection":[{"href":"https:\/\/blogdoedvaldomagalhaes.com.br\/index.php\/wp-json\/wp\/v2\/posts"}],"about":[{"href":"https:\/\/blogdoedvaldomagalhaes.com.br\/index.php\/wp-json\/wp\/v2\/types\/post"}],"author":[{"embeddable":true,"href":"https:\/\/blogdoedvaldomagalhaes.com.br\/index.php\/wp-json\/wp\/v2\/users\/1"}],"replies":[{"embeddable":true,"href":"https:\/\/blogdoedvaldomagalhaes.com.br\/index.php\/wp-json\/wp\/v2\/comments?post=107021"}],"version-history":[{"count":1,"href":"https:\/\/blogdoedvaldomagalhaes.com.br\/index.php\/wp-json\/wp\/v2\/posts\/107021\/revisions"}],"predecessor-version":[{"id":107024,"href":"https:\/\/blogdoedvaldomagalhaes.com.br\/index.php\/wp-json\/wp\/v2\/posts\/107021\/revisions\/107024"}],"wp:featuredmedia":[{"embeddable":true,"href":"https:\/\/blogdoedvaldomagalhaes.com.br\/index.php\/wp-json\/wp\/v2\/media\/107023"}],"wp:attachment":[{"href":"https:\/\/blogdoedvaldomagalhaes.com.br\/index.php\/wp-json\/wp\/v2\/media?parent=107021"}],"wp:term":[{"taxonomy":"category","embeddable":true,"href":"https:\/\/blogdoedvaldomagalhaes.com.br\/index.php\/wp-json\/wp\/v2\/categories?post=107021"},{"taxonomy":"post_tag","embeddable":true,"href":"https:\/\/blogdoedvaldomagalhaes.com.br\/index.php\/wp-json\/wp\/v2\/tags?post=107021"}],"curies":[{"name":"wp","href":"https:\/\/api.w.org\/{rel}","templated":true}]}}