{"id":107018,"date":"2024-04-02T07:04:59","date_gmt":"2024-04-02T10:04:59","guid":{"rendered":"https:\/\/blogdoedvaldomagalhaes.com.br\/?p=107018"},"modified":"2024-04-02T10:34:27","modified_gmt":"2024-04-02T13:34:27","slug":"caruaruense-vai-representar-pernambuco-no-mister-brasil-2024","status":"publish","type":"post","link":"https:\/\/blogdoedvaldomagalhaes.com.br\/index.php\/2024\/04\/02\/caruaruense-vai-representar-pernambuco-no-mister-brasil-2024\/","title":{"rendered":"Caruaruense vai representar Pernambuco no Mister Brasil 2024"},"content":{"rendered":"<p>Nessa segunda-feira (1\u00ba.04), o Mister Pernambuco, Julliano Oliveira, partiu com destino ao Rio Grande do Sul para representar Pernambuco na disputa pelo t\u00edtulo de Mister Brasil CNB 2024.<\/p>\n<p>Julliano, natural de Caruaru, leva consigo n\u00e3o apenas beleza e carisma, mas tamb\u00e9m determina\u00e7\u00e3o e representatividade. O modelo nascido em Caruaru, no Agreste, expressa a diversidade cultural do povo pernambucano, enriquecendo ainda mais sua trajet\u00f3ria. Al\u00e9m de sua atua\u00e7\u00e3o como modelo, Julliano \u00e9 volunt\u00e1rio do Instituto do C\u00e2ncer Infantil do Agreste &#8211; ICIA, acad\u00eamico de administra\u00e7\u00e3o e j\u00e1 participou de diversas campanhas e eventos no polo t\u00eaxtil, al\u00e9m de ter experi\u00eancia em campanhas nacionais para grandes marcas.<\/p>\n<p>Aos 29 anos, ele embarcou com grandes expectativas e com esperan\u00e7a de trazer o t\u00edtulo in\u00e9dito de Mister Brasil CNB para Pernambuco. O concurso, que ser\u00e1 transmitido ao vivo pelo canal do CNB no YouTube, promete uma noite glamourosa e repleta de surpresas.<\/p>\n<p>A final est\u00e1 marcada para o dia 6 de abril, \u00e0s 20h, em Tramanda\u00ed, no Rio Grande do Sul. Para acompanhar de perto a jornada de Julliano e torcer pelo Mister Pernambuco no Mister Brasil CNB 2024, fique ligado nas redes sociais e no canal do CNB.<\/p>\n<p>@julliano0liveira<br \/>\nhttps:\/\/youtube.com\/@TVConcursoNacionaldeBeleza?si=zOMr_0Ish9vRwiZD<br \/>\nFoto: Rafael Aroeira.<\/p>\n<p>Seja seguidor do Instagram do Blog @blogdoedvaldomagalhaes<\/p>\n","protected":false},"excerpt":{"rendered":"<p>Nessa segunda-feira (1\u00ba.04), o Mister Pernambuco, Julliano Oliveira, partiu com destino ao Rio Grande do Sul para representar Pernambuco na&hellip;<\/p>\n","protected":false},"author":1,"featured_media":107019,"comment_status":"closed","ping_status":"open","sticky":false,"template":"","format":"standard","meta":{"footnotes":""},"categories":[14120],"tags":[29440,2,28801,3406,30139],"class_list":["post-107018","post","type-post","status-publish","format-standard","has-post-thumbnail","hentry","category-noticias","tag-blog-com-mais-visualizacao","tag-blog-do-edvaldo-magalhaes","tag-blog-mais-acessado","tag-caruaru","tag-caruaruense-vai-representar-pernambuco-no-mister-brasil-2024"],"_links":{"self":[{"href":"https:\/\/blogdoedvaldomagalhaes.com.br\/index.php\/wp-json\/wp\/v2\/posts\/107018","targetHints":{"allow":["GET"]}}],"collection":[{"href":"https:\/\/blogdoedvaldomagalhaes.com.br\/index.php\/wp-json\/wp\/v2\/posts"}],"about":[{"href":"https:\/\/blogdoedvaldomagalhaes.com.br\/index.php\/wp-json\/wp\/v2\/types\/post"}],"author":[{"embeddable":true,"href":"https:\/\/blogdoedvaldomagalhaes.com.br\/index.php\/wp-json\/wp\/v2\/users\/1"}],"replies":[{"embeddable":true,"href":"https:\/\/blogdoedvaldomagalhaes.com.br\/index.php\/wp-json\/wp\/v2\/comments?post=107018"}],"version-history":[{"count":2,"href":"https:\/\/blogdoedvaldomagalhaes.com.br\/index.php\/wp-json\/wp\/v2\/posts\/107018\/revisions"}],"predecessor-version":[{"id":107028,"href":"https:\/\/blogdoedvaldomagalhaes.com.br\/index.php\/wp-json\/wp\/v2\/posts\/107018\/revisions\/107028"}],"wp:featuredmedia":[{"embeddable":true,"href":"https:\/\/blogdoedvaldomagalhaes.com.br\/index.php\/wp-json\/wp\/v2\/media\/107019"}],"wp:attachment":[{"href":"https:\/\/blogdoedvaldomagalhaes.com.br\/index.php\/wp-json\/wp\/v2\/media?parent=107018"}],"wp:term":[{"taxonomy":"category","embeddable":true,"href":"https:\/\/blogdoedvaldomagalhaes.com.br\/index.php\/wp-json\/wp\/v2\/categories?post=107018"},{"taxonomy":"post_tag","embeddable":true,"href":"https:\/\/blogdoedvaldomagalhaes.com.br\/index.php\/wp-json\/wp\/v2\/tags?post=107018"}],"curies":[{"name":"wp","href":"https:\/\/api.w.org\/{rel}","templated":true}]}}