{"id":107015,"date":"2024-04-01T20:22:06","date_gmt":"2024-04-01T23:22:06","guid":{"rendered":"https:\/\/blogdoedvaldomagalhaes.com.br\/?p=107015"},"modified":"2024-04-01T20:22:07","modified_gmt":"2024-04-01T23:22:07","slug":"junior-letal-comemora-sucesso-da-pascoa-na-praca-do-bairro-agamenon","status":"publish","type":"post","link":"https:\/\/blogdoedvaldomagalhaes.com.br\/index.php\/2024\/04\/01\/junior-letal-comemora-sucesso-da-pascoa-na-praca-do-bairro-agamenon\/","title":{"rendered":"J\u00fanior Letal comemora sucesso da P\u00e1scoa na Pra\u00e7a do bairro Agamenon"},"content":{"rendered":"<p><span style=\"font-size: revert;\">O presidente da Associa\u00e7\u00e3o de Moradores do bairro Agamenon, J\u00fanior Letal, est\u00e1 comemorando o sucesso da segunda edi\u00e7\u00e3o da P\u00e1scoa na Pra\u00e7a, realizada naquela comunidade. O evento aconteceu na tarde do \u00faltimo domingo, e contou com pipoca, algod\u00e3o doce, pula-pula, pintura no rosto, sorvete e a distribui\u00e7\u00e3o de ovos de P\u00e1scoa.<\/span><\/p>\n<p>&#8220;O P\u00e1scoa na Pra\u00e7a foi um sucesso. Mais uma vez os moradores participaram, os comerciantes ajudaram e fizemos um grande evento. Foi uma tarde maravilhosa, principalmente pelo sorriso no rosto das crian\u00e7as e adolescentes. A nossa comunidade vive hoje um momento hist\u00f3rico, e estamos felizes por poder fazer parte desse momento Inesquec\u00edvel &#8220;, disse J\u00fanior Letal.<\/p>\n<p>Foto: Divulga\u00e7\u00e3o<\/p>\n<p>Seja seguidor do Instagram do Blog @blogdoedvaldomagalhaes<\/p>\n","protected":false},"excerpt":{"rendered":"<p>O presidente da Associa\u00e7\u00e3o de Moradores do bairro Agamenon, J\u00fanior Letal, est\u00e1 comemorando o sucesso da segunda edi\u00e7\u00e3o da P\u00e1scoa&hellip;<\/p>\n","protected":false},"author":1,"featured_media":107016,"comment_status":"closed","ping_status":"open","sticky":false,"template":"","format":"standard","meta":{"footnotes":""},"categories":[14120],"tags":[29440,2,28801,3406,30137],"class_list":["post-107015","post","type-post","status-publish","format-standard","has-post-thumbnail","hentry","category-noticias","tag-blog-com-mais-visualizacao","tag-blog-do-edvaldo-magalhaes","tag-blog-mais-acessado","tag-caruaru","tag-junior-letal-comemora-sucesso-da-pascoa-na-praca-do-bairro-agamenon"],"_links":{"self":[{"href":"https:\/\/blogdoedvaldomagalhaes.com.br\/index.php\/wp-json\/wp\/v2\/posts\/107015","targetHints":{"allow":["GET"]}}],"collection":[{"href":"https:\/\/blogdoedvaldomagalhaes.com.br\/index.php\/wp-json\/wp\/v2\/posts"}],"about":[{"href":"https:\/\/blogdoedvaldomagalhaes.com.br\/index.php\/wp-json\/wp\/v2\/types\/post"}],"author":[{"embeddable":true,"href":"https:\/\/blogdoedvaldomagalhaes.com.br\/index.php\/wp-json\/wp\/v2\/users\/1"}],"replies":[{"embeddable":true,"href":"https:\/\/blogdoedvaldomagalhaes.com.br\/index.php\/wp-json\/wp\/v2\/comments?post=107015"}],"version-history":[{"count":1,"href":"https:\/\/blogdoedvaldomagalhaes.com.br\/index.php\/wp-json\/wp\/v2\/posts\/107015\/revisions"}],"predecessor-version":[{"id":107017,"href":"https:\/\/blogdoedvaldomagalhaes.com.br\/index.php\/wp-json\/wp\/v2\/posts\/107015\/revisions\/107017"}],"wp:featuredmedia":[{"embeddable":true,"href":"https:\/\/blogdoedvaldomagalhaes.com.br\/index.php\/wp-json\/wp\/v2\/media\/107016"}],"wp:attachment":[{"href":"https:\/\/blogdoedvaldomagalhaes.com.br\/index.php\/wp-json\/wp\/v2\/media?parent=107015"}],"wp:term":[{"taxonomy":"category","embeddable":true,"href":"https:\/\/blogdoedvaldomagalhaes.com.br\/index.php\/wp-json\/wp\/v2\/categories?post=107015"},{"taxonomy":"post_tag","embeddable":true,"href":"https:\/\/blogdoedvaldomagalhaes.com.br\/index.php\/wp-json\/wp\/v2\/tags?post=107015"}],"curies":[{"name":"wp","href":"https:\/\/api.w.org\/{rel}","templated":true}]}}