{"id":107005,"date":"2024-04-01T18:51:02","date_gmt":"2024-04-01T21:51:02","guid":{"rendered":"https:\/\/blogdoedvaldomagalhaes.com.br\/?p=107005"},"modified":"2024-04-01T19:18:31","modified_gmt":"2024-04-01T22:18:31","slug":"ivete-sangalo-e-confirmada-na-programacao-do-sao-joao-de-caruaru-pelo-segundo-ano-consecutivo","status":"publish","type":"post","link":"https:\/\/blogdoedvaldomagalhaes.com.br\/index.php\/2024\/04\/01\/ivete-sangalo-e-confirmada-na-programacao-do-sao-joao-de-caruaru-pelo-segundo-ano-consecutivo\/","title":{"rendered":"Ivete Sangalo \u00e9 confirmada na programa\u00e7\u00e3o do S\u00e3o Jo\u00e3o de Caruaru pelo segundo ano consecutivo"},"content":{"rendered":"<p>A primeira atra\u00e7\u00e3o surpresa do Maior e Melhor S\u00e3o Jo\u00e3o do Mundo foi revelada: Ivete Sangalo ir\u00e1 se apresentar pelo segundo ano consecutivo no S\u00e3o Jo\u00e3o de Caruaru. O show da cantora e compositora, que est\u00e1 celebrando 30 anos de carreira, ser\u00e1 no dia 15 de junho, no P\u00e1tio de Eventos Luiz Lua Gonzaga. <\/p>\n<p>Ivete fez sua estreia no S\u00e3o Jo\u00e3o de Caruaru em 2023, levando uma verdadeira multid\u00e3o para o P\u00e1tio. Neste ano, o seu show promete ser ainda mais grandioso, j\u00e1 que, no dia 1\u00ba junho, ela dar\u00e1 in\u00edcio \u00e0 turn\u00ea \u201cIvete 3.0 \u2013 A Festa\u201d com mega apresenta\u00e7\u00f5es em diversos est\u00e1dios brasileiros. <\/p>\n<p>A presen\u00e7a de Ivete no Maior e Melhor S\u00e3o Jo\u00e3o do Mundo s\u00f3 comprova a grandiosidade e a multiculturalidade do festejo em Caruaru, que ir\u00e1 durar 72 dias em 2024. O S\u00e3o Jo\u00e3o de Caruaru tem polos exclusivamente voltados para o forr\u00f3, mas tamb\u00e9m abre espa\u00e7o para outros g\u00eaneros musicais, como o ax\u00e9, o samba, o rock, a MPB, a m\u00fasica instrumental e at\u00e9 mesmo a m\u00fasica eletr\u00f4nica. <\/p>\n<p>O S\u00e3o Jo\u00e3o 2024 tem in\u00edcio no pr\u00f3ximo dia 19 de abril, com o S\u00e3o Jo\u00e3o na Ro\u00e7a. A primeira parada ser\u00e1 em Gon\u00e7alves Ferreira, seguindo por mais 12 comunidades da zona rural at\u00e9 o m\u00eas de maio, totalizando 13 polos. Em 1\u00ba de junho a festa come\u00e7a na zona urbana, com 14 polos. <\/p>\n<p>Seja seguidor do Instagram do Blog @blogdoedvaldomagalhaes<\/p>\n","protected":false},"excerpt":{"rendered":"<p>A primeira atra\u00e7\u00e3o surpresa do Maior e Melhor S\u00e3o Jo\u00e3o do Mundo foi revelada: Ivete Sangalo ir\u00e1 se apresentar pelo&hellip;<\/p>\n","protected":false},"author":1,"featured_media":107013,"comment_status":"closed","ping_status":"open","sticky":false,"template":"","format":"standard","meta":{"footnotes":""},"categories":[14120],"tags":[29440,2,28801,3406,30135],"class_list":["post-107005","post","type-post","status-publish","format-standard","has-post-thumbnail","hentry","category-noticias","tag-blog-com-mais-visualizacao","tag-blog-do-edvaldo-magalhaes","tag-blog-mais-acessado","tag-caruaru","tag-ivete-sangalo-e-confirmada-na-programacao-do-sao-joao-de-caruaru-pelo-segundo-ano-consecutivo"],"_links":{"self":[{"href":"https:\/\/blogdoedvaldomagalhaes.com.br\/index.php\/wp-json\/wp\/v2\/posts\/107005","targetHints":{"allow":["GET"]}}],"collection":[{"href":"https:\/\/blogdoedvaldomagalhaes.com.br\/index.php\/wp-json\/wp\/v2\/posts"}],"about":[{"href":"https:\/\/blogdoedvaldomagalhaes.com.br\/index.php\/wp-json\/wp\/v2\/types\/post"}],"author":[{"embeddable":true,"href":"https:\/\/blogdoedvaldomagalhaes.com.br\/index.php\/wp-json\/wp\/v2\/users\/1"}],"replies":[{"embeddable":true,"href":"https:\/\/blogdoedvaldomagalhaes.com.br\/index.php\/wp-json\/wp\/v2\/comments?post=107005"}],"version-history":[{"count":1,"href":"https:\/\/blogdoedvaldomagalhaes.com.br\/index.php\/wp-json\/wp\/v2\/posts\/107005\/revisions"}],"predecessor-version":[{"id":107007,"href":"https:\/\/blogdoedvaldomagalhaes.com.br\/index.php\/wp-json\/wp\/v2\/posts\/107005\/revisions\/107007"}],"wp:featuredmedia":[{"embeddable":true,"href":"https:\/\/blogdoedvaldomagalhaes.com.br\/index.php\/wp-json\/wp\/v2\/media\/107013"}],"wp:attachment":[{"href":"https:\/\/blogdoedvaldomagalhaes.com.br\/index.php\/wp-json\/wp\/v2\/media?parent=107005"}],"wp:term":[{"taxonomy":"category","embeddable":true,"href":"https:\/\/blogdoedvaldomagalhaes.com.br\/index.php\/wp-json\/wp\/v2\/categories?post=107005"},{"taxonomy":"post_tag","embeddable":true,"href":"https:\/\/blogdoedvaldomagalhaes.com.br\/index.php\/wp-json\/wp\/v2\/tags?post=107005"}],"curies":[{"name":"wp","href":"https:\/\/api.w.org\/{rel}","templated":true}]}}