{"id":107002,"date":"2024-04-01T16:06:33","date_gmt":"2024-04-01T19:06:33","guid":{"rendered":"https:\/\/blogdoedvaldomagalhaes.com.br\/?p=107002"},"modified":"2024-04-01T16:06:33","modified_gmt":"2024-04-01T19:06:33","slug":"vereador-jorge-quintino-conduz-audiencia-publica-na-camara-municipal-com-foco-no-autismo-valorizando-capacidades-e-respeitando-limites","status":"publish","type":"post","link":"https:\/\/blogdoedvaldomagalhaes.com.br\/index.php\/2024\/04\/01\/vereador-jorge-quintino-conduz-audiencia-publica-na-camara-municipal-com-foco-no-autismo-valorizando-capacidades-e-respeitando-limites\/","title":{"rendered":"Vereador Jorge Quintino conduz Audi\u00eancia P\u00fablica na C\u00e2mara Municipal com foco no Autismo: Valorizando Capacidades e Respeitando Limites"},"content":{"rendered":"<p><span style=\"font-size: revert;\">No dia 1\u00ba de abril, a C\u00e2mara Municipal de Caruaru foi o palco de uma Audi\u00eancia P\u00fablica de significativa import\u00e2ncia, liderada pelo Vereador Jorge Quintino, com o tema central &#8220;Autismo: Valorize as Capacidades e Respeite os Limites&#8221;. Este evento reuniu uma diversidade de vozes e perspectivas em torno de quest\u00f5es cruciais relacionadas ao autismo, destacando a necessidade premente de valorizar as habilidades individuais e promover o respeito aos limites das pessoas autistas.<\/span><\/p>\n<p>Dentre os participantes, foi not\u00e1vel a presen\u00e7a e o engajamento do Deputado Estadual Jo\u00e3o de Nadegi, que trouxe sua influ\u00eancia e apoio \u00e0 causa. Al\u00e9m disso, contamos com a participa\u00e7\u00e3o ativa de Isabela Ara\u00fajo, T\u00e9cnica do Setor de Educa\u00e7\u00e3o Inclusiva, representante da GRE; Gislane Oliveira, Coordenadora de Sa\u00fade Mental do Munic\u00edpio; Maisa Lima, Coordenadora do Departamento de Educa\u00e7\u00e3o Inclusiva da Secretaria Municipal; M\u00e1rcia Carvalho, Presidente da Associa\u00e7\u00e3o Caruaruense pela Pessoa com Defici\u00eancia &#8211; AMA; Stanley Rupert, Representante da OAB Caruaru e Vice-Presidente do Conselho Municipal dos Direitos da Pessoa com Defici\u00eancia de Caruaru; J\u00e9ssyca Ellen, representante do Mundo At\u00edpico; J\u00falio Gl\u00e9cio, fil\u00f3sofo, psicanalista e educador; Roseni Lemos, Representante do Conselho Tutelar; Dr. Robson Menezes; S\u00e9rgio Ricardo, Int\u00e9rprete de Libras da Prefeitura Municipal; Andrea Ferreira, Presidenta da Comiss\u00e3o de Direito M\u00e9dico da OAB Caruaru; Pamela Moraes, Gerente Administrativa da AME Infanto-Juvenil; Marta Avelar, Coordenadora Pedag\u00f3gica do Senac-PE; e Jair de Almeida Melo, Representante do M\u00e3es em A\u00e7\u00e3o.<\/p>\n<p>Esta foi a terceira Audi\u00eancia P\u00fablica solicitada pelo Vereador Jorge Quintino, dedicada exclusivamente ao tema do autismo, o que evidencia o compromisso cont\u00ednuo de sua gest\u00e3o com essa importante causa, o edil j\u00e1 totaliza mais de cem propostas relacionadas ao autismo, refletindo a preocupa\u00e7\u00e3o e a busca por solu\u00e7\u00f5es efetivas para os desafios enfrentados pela comunidade autista. Foto: Vladimir Barreto<\/p>\n<p>Seja seguidor do Instagram do Blog @blogdoedvaldomagalhaes<\/p>\n","protected":false},"excerpt":{"rendered":"<p>No dia 1\u00ba de abril, a C\u00e2mara Municipal de Caruaru foi o palco de uma Audi\u00eancia P\u00fablica de significativa import\u00e2ncia,&hellip;<\/p>\n","protected":false},"author":1,"featured_media":107003,"comment_status":"closed","ping_status":"open","sticky":false,"template":"","format":"standard","meta":{"footnotes":""},"categories":[14122],"tags":[29440,2,28801,3406,20295,30134],"class_list":["post-107002","post","type-post","status-publish","format-standard","has-post-thumbnail","hentry","category-politica","tag-blog-com-mais-visualizacao","tag-blog-do-edvaldo-magalhaes","tag-blog-mais-acessado","tag-caruaru","tag-politica-2","tag-vereador-jorge-quintino-conduz-audiencia-publica-na-camara-municipal-com-foco-no-autismo-valorizando-capacidades-e-respeitando-limites"],"_links":{"self":[{"href":"https:\/\/blogdoedvaldomagalhaes.com.br\/index.php\/wp-json\/wp\/v2\/posts\/107002","targetHints":{"allow":["GET"]}}],"collection":[{"href":"https:\/\/blogdoedvaldomagalhaes.com.br\/index.php\/wp-json\/wp\/v2\/posts"}],"about":[{"href":"https:\/\/blogdoedvaldomagalhaes.com.br\/index.php\/wp-json\/wp\/v2\/types\/post"}],"author":[{"embeddable":true,"href":"https:\/\/blogdoedvaldomagalhaes.com.br\/index.php\/wp-json\/wp\/v2\/users\/1"}],"replies":[{"embeddable":true,"href":"https:\/\/blogdoedvaldomagalhaes.com.br\/index.php\/wp-json\/wp\/v2\/comments?post=107002"}],"version-history":[{"count":1,"href":"https:\/\/blogdoedvaldomagalhaes.com.br\/index.php\/wp-json\/wp\/v2\/posts\/107002\/revisions"}],"predecessor-version":[{"id":107004,"href":"https:\/\/blogdoedvaldomagalhaes.com.br\/index.php\/wp-json\/wp\/v2\/posts\/107002\/revisions\/107004"}],"wp:featuredmedia":[{"embeddable":true,"href":"https:\/\/blogdoedvaldomagalhaes.com.br\/index.php\/wp-json\/wp\/v2\/media\/107003"}],"wp:attachment":[{"href":"https:\/\/blogdoedvaldomagalhaes.com.br\/index.php\/wp-json\/wp\/v2\/media?parent=107002"}],"wp:term":[{"taxonomy":"category","embeddable":true,"href":"https:\/\/blogdoedvaldomagalhaes.com.br\/index.php\/wp-json\/wp\/v2\/categories?post=107002"},{"taxonomy":"post_tag","embeddable":true,"href":"https:\/\/blogdoedvaldomagalhaes.com.br\/index.php\/wp-json\/wp\/v2\/tags?post=107002"}],"curies":[{"name":"wp","href":"https:\/\/api.w.org\/{rel}","templated":true}]}}