{"id":106993,"date":"2024-04-01T13:01:17","date_gmt":"2024-04-01T16:01:17","guid":{"rendered":"https:\/\/blogdoedvaldomagalhaes.com.br\/?p=106993"},"modified":"2024-04-01T13:01:18","modified_gmt":"2024-04-01T16:01:18","slug":"abril-pela-seguranca-do-paciente-sera-celebrado-no-hra","status":"publish","type":"post","link":"https:\/\/blogdoedvaldomagalhaes.com.br\/index.php\/2024\/04\/01\/abril-pela-seguranca-do-paciente-sera-celebrado-no-hra\/","title":{"rendered":"Abril pela Seguran\u00e7a do Paciente ser\u00e1 celebrado no HRA"},"content":{"rendered":"<p>Desde 2013, quando foi lan\u00e7ado o Programa Nacional de Seguran\u00e7a do Paciente, abril foi o m\u00eas escolhido para amplia\u00e7\u00e3o das discuss\u00f5es sobre as a\u00e7\u00f5es voltadas para melhoria da seguran\u00e7a do paciente no Brasil. No Hospital Regional do Agreste (HRA), localizado em Caruaru, a data ser\u00e1 lembrada com diversas atividades voltadas para profissionais, acompanhantes e pessoas em atendimento na unidade.<\/p>\n<p>Durante esta semana (1\u00ba a 5 de abril), diversas palestras ser\u00e3o oferecidas para a equipe multiprofissional do hospital. \u201cVamos discutir como a assist\u00eancia pode ser prestada de um modo seguro, de forma a n\u00e3o levar risco de dano ao paciente por uma infec\u00e7\u00e3o, por exemplo\u201d, explica Maria Maciel, enfermeira e coordenadora do N\u00facleo de Seguran\u00e7a do Paciente (NSP) do HRA.<\/p>\n<p>A palestra de abertura, nesta segunda-feira (1\u00ba), abordou a preven\u00e7\u00e3o de infec\u00e7\u00e3o do trato urin\u00e1rio. O uso de adornos no ambiente hospitalar tamb\u00e9m ser\u00e1 um tema discutido. \u201cA campanha de adorno zero ser\u00e1 trabalhada, tamb\u00e9m, junto a pacientes e acompanhantes, pois \u00e9 importante que eles entendam que brincos, rel\u00f3gios, an\u00e9is, entre outros, quebram as barreiras de seguran\u00e7a. Precisamos que eles compreendam que eles tamb\u00e9m est\u00e3o envolvidos nesse processo da seguran\u00e7a na assist\u00eancia\u201d, refor\u00e7a Maria. <\/p>\n<p>Nas segunda e terceira semanas de abril, a equipe do NSP vai discutir a seguran\u00e7a do paciente em cada setor da assist\u00eancia hospitalar. J\u00e1 na \u00faltima semana, um workshop com todas as metas internacionais de seguran\u00e7a da pessoa em atendimento ser\u00e1 ofertado na recep\u00e7\u00e3o central do HRA.<br \/>\nFoto: ASCOM\/HRA<\/p>\n<p>Seja seguidor do Instagram do Blog @blogdoedvaldomagalhaes<\/p>\n","protected":false},"excerpt":{"rendered":"<p>Desde 2013, quando foi lan\u00e7ado o Programa Nacional de Seguran\u00e7a do Paciente, abril foi o m\u00eas escolhido para amplia\u00e7\u00e3o das&hellip;<\/p>\n","protected":false},"author":1,"featured_media":106994,"comment_status":"closed","ping_status":"open","sticky":false,"template":"","format":"standard","meta":{"footnotes":""},"categories":[14120],"tags":[30132,29440,2,28801,3406],"class_list":["post-106993","post","type-post","status-publish","format-standard","has-post-thumbnail","hentry","category-noticias","tag-abril-pela-seguranca-do-paciente-sera-celebrado-no-hra","tag-blog-com-mais-visualizacao","tag-blog-do-edvaldo-magalhaes","tag-blog-mais-acessado","tag-caruaru"],"_links":{"self":[{"href":"https:\/\/blogdoedvaldomagalhaes.com.br\/index.php\/wp-json\/wp\/v2\/posts\/106993","targetHints":{"allow":["GET"]}}],"collection":[{"href":"https:\/\/blogdoedvaldomagalhaes.com.br\/index.php\/wp-json\/wp\/v2\/posts"}],"about":[{"href":"https:\/\/blogdoedvaldomagalhaes.com.br\/index.php\/wp-json\/wp\/v2\/types\/post"}],"author":[{"embeddable":true,"href":"https:\/\/blogdoedvaldomagalhaes.com.br\/index.php\/wp-json\/wp\/v2\/users\/1"}],"replies":[{"embeddable":true,"href":"https:\/\/blogdoedvaldomagalhaes.com.br\/index.php\/wp-json\/wp\/v2\/comments?post=106993"}],"version-history":[{"count":1,"href":"https:\/\/blogdoedvaldomagalhaes.com.br\/index.php\/wp-json\/wp\/v2\/posts\/106993\/revisions"}],"predecessor-version":[{"id":106995,"href":"https:\/\/blogdoedvaldomagalhaes.com.br\/index.php\/wp-json\/wp\/v2\/posts\/106993\/revisions\/106995"}],"wp:featuredmedia":[{"embeddable":true,"href":"https:\/\/blogdoedvaldomagalhaes.com.br\/index.php\/wp-json\/wp\/v2\/media\/106994"}],"wp:attachment":[{"href":"https:\/\/blogdoedvaldomagalhaes.com.br\/index.php\/wp-json\/wp\/v2\/media?parent=106993"}],"wp:term":[{"taxonomy":"category","embeddable":true,"href":"https:\/\/blogdoedvaldomagalhaes.com.br\/index.php\/wp-json\/wp\/v2\/categories?post=106993"},{"taxonomy":"post_tag","embeddable":true,"href":"https:\/\/blogdoedvaldomagalhaes.com.br\/index.php\/wp-json\/wp\/v2\/tags?post=106993"}],"curies":[{"name":"wp","href":"https:\/\/api.w.org\/{rel}","templated":true}]}}