{"id":106985,"date":"2024-04-01T12:27:21","date_gmt":"2024-04-01T15:27:21","guid":{"rendered":"https:\/\/blogdoedvaldomagalhaes.com.br\/?p=106985"},"modified":"2024-04-01T12:30:00","modified_gmt":"2024-04-01T15:30:00","slug":"sismuc-realiza-assembleia-geral-nesta-terca-feira-02","status":"publish","type":"post","link":"https:\/\/blogdoedvaldomagalhaes.com.br\/index.php\/2024\/04\/01\/sismuc-realiza-assembleia-geral-nesta-terca-feira-02\/","title":{"rendered":"SISMUC realiza assembleia geral nesta ter\u00e7a-feira (02)"},"content":{"rendered":"<p>Nesta ter\u00e7a-feira (02), o SISMUC Regional Caruaru, realiza uma assembleia geral com os servidores associados, bem como: motoristas, lactaristas, merendeiras, e demais categorias. O encontro acontecer\u00e1 na sede do sindicato, na Rua Padre F\u00e9lix Barreto &#8211; n\u00b0 50, a partir das 9h.<\/p>\n<p>De acordo com o presidente da entidade, Eduardo Mendon\u00e7a, ser\u00e3o debatidas pautas especificas desses servidores, al\u00e9m de avalia\u00e7\u00e3o das delibera\u00e7\u00f5es, novos encaminhamentos e informes gerais. \u201cConvocamos todos os servidores dessas categorias citadas, pois a participa\u00e7\u00e3o deles \u00e9 de suma import\u00e2ncia para as aprova\u00e7\u00f5es e delibera\u00e7\u00f5es de diversos pedidos de melhorias para esses servidores\u201d refor\u00e7a. <\/p>\n<p>A primeira convoca\u00e7\u00e3o acontece \u00e0s 7h30, com 2\/3 dos associados e segunda convoca\u00e7\u00e3o uma hora depois com 1\/3. A terceira e \u00faltima convoca\u00e7\u00e3o 30 minutos depois, \u00e0s 9h. Foto: Divulga\u00e7\u00e3o<\/p>\n<p>Seja seguidor do Instagram do Blog @blogdoedvaldomagalhaes<\/p>\n","protected":false},"excerpt":{"rendered":"<p>Nesta ter\u00e7a-feira (02), o SISMUC Regional Caruaru, realiza uma assembleia geral com os servidores associados, bem como: motoristas, lactaristas, merendeiras,&hellip;<\/p>\n","protected":false},"author":1,"featured_media":106987,"comment_status":"closed","ping_status":"open","sticky":false,"template":"","format":"standard","meta":{"footnotes":""},"categories":[14120],"tags":[29440,2,28801,3406,30130],"class_list":["post-106985","post","type-post","status-publish","format-standard","has-post-thumbnail","hentry","category-noticias","tag-blog-com-mais-visualizacao","tag-blog-do-edvaldo-magalhaes","tag-blog-mais-acessado","tag-caruaru","tag-sismuc-realiza-assembleia-geral-nesta-terca-feira-02"],"_links":{"self":[{"href":"https:\/\/blogdoedvaldomagalhaes.com.br\/index.php\/wp-json\/wp\/v2\/posts\/106985","targetHints":{"allow":["GET"]}}],"collection":[{"href":"https:\/\/blogdoedvaldomagalhaes.com.br\/index.php\/wp-json\/wp\/v2\/posts"}],"about":[{"href":"https:\/\/blogdoedvaldomagalhaes.com.br\/index.php\/wp-json\/wp\/v2\/types\/post"}],"author":[{"embeddable":true,"href":"https:\/\/blogdoedvaldomagalhaes.com.br\/index.php\/wp-json\/wp\/v2\/users\/1"}],"replies":[{"embeddable":true,"href":"https:\/\/blogdoedvaldomagalhaes.com.br\/index.php\/wp-json\/wp\/v2\/comments?post=106985"}],"version-history":[{"count":1,"href":"https:\/\/blogdoedvaldomagalhaes.com.br\/index.php\/wp-json\/wp\/v2\/posts\/106985\/revisions"}],"predecessor-version":[{"id":106986,"href":"https:\/\/blogdoedvaldomagalhaes.com.br\/index.php\/wp-json\/wp\/v2\/posts\/106985\/revisions\/106986"}],"wp:featuredmedia":[{"embeddable":true,"href":"https:\/\/blogdoedvaldomagalhaes.com.br\/index.php\/wp-json\/wp\/v2\/media\/106987"}],"wp:attachment":[{"href":"https:\/\/blogdoedvaldomagalhaes.com.br\/index.php\/wp-json\/wp\/v2\/media?parent=106985"}],"wp:term":[{"taxonomy":"category","embeddable":true,"href":"https:\/\/blogdoedvaldomagalhaes.com.br\/index.php\/wp-json\/wp\/v2\/categories?post=106985"},{"taxonomy":"post_tag","embeddable":true,"href":"https:\/\/blogdoedvaldomagalhaes.com.br\/index.php\/wp-json\/wp\/v2\/tags?post=106985"}],"curies":[{"name":"wp","href":"https:\/\/api.w.org\/{rel}","templated":true}]}}