{"id":1069,"date":"2018-10-07T00:39:00","date_gmt":"2018-10-07T03:39:00","guid":{"rendered":"http:\/\/blogdoedvaldomagalhaes.com.br\/index.php\/2018\/10\/07\/homem-assassinado-em-caruaru-neste\/"},"modified":"2019-02-09T02:34:17","modified_gmt":"2019-02-09T04:34:17","slug":"homem-assassinado-em-caruaru-neste","status":"publish","type":"post","link":"https:\/\/blogdoedvaldomagalhaes.com.br\/index.php\/2018\/10\/07\/homem-assassinado-em-caruaru-neste\/","title":{"rendered":"Homem assassinado em Caruaru neste s\u00e1bado (6)"},"content":{"rendered":"<div class=\"separator\" style=\"clear: both; text-align: center;\">\n<a href=\"https:\/\/3.bp.blogspot.com\/-jbnIn3AO5rU\/W7lVkpOhk6I\/AAAAAAAA7Yc\/CkmseRpQi2IsShTO6L1hUQksl7ORN8OvgCLcBGAs\/s1600\/IMG-20181006-WA0522.jpg\" imageanchor=\"1\" style=\"margin-left: 1em; margin-right: 1em;\"><img loading=\"lazy\" decoding=\"async\" border=\"0\" data-original-height=\"774\" data-original-width=\"1032\" height=\"480\" src=\"http:\/\/blogdoedvaldomagalhaes.com.br\/wp-content\/uploads\/2018\/10\/IMG-20181006-WA0522.jpg\" width=\"640\" \/><\/a><\/div>\n<div class=\"separator\" style=\"clear: both; text-align: center;\">\nFoto: Kalebe Pereira<\/div>\n<div class=\"separator\" style=\"clear: both; text-align: center;\">\n<\/div>\n<div class=\"separator\" style=\"clear: both; text-align: justify;\">\nLorival Amaro da Silva, de 48 anos de idade, conhecido pelo apelido de &#8220;Bh\u00e1&#8221;, residente na rua Azeredo Coutinho, no bairro Salgado, foi assassinado por disparos de arma de fogo na noite deste s\u00e1bado (06), na rua Adelmo Fontoura, no bairro S\u00e3o Jo\u00e3o da Esc\u00f3cia, em Caruaru.<\/div>\n<div class=\"separator\" style=\"clear: both; text-align: justify;\">\n<\/div>\n<div class=\"separator\" style=\"clear: both; text-align: center;\">\n<a href=\"https:\/\/2.bp.blogspot.com\/-ynifYUo3g30\/W7lkJaf5z4I\/AAAAAAAA7ZA\/x-9HsxvoCPUQ7snibQGMURAgrgMCWK2LQCLcBGAs\/s1600\/isso.jpg\" imageanchor=\"1\" style=\"margin-left: 1em; margin-right: 1em;\"><img loading=\"lazy\" decoding=\"async\" border=\"0\" data-original-height=\"321\" data-original-width=\"320\" height=\"640\" src=\"http:\/\/blogdoedvaldomagalhaes.com.br\/wp-content\/uploads\/2018\/10\/isso.jpg\" width=\"634\" \/><\/a><\/div>\n<div class=\"separator\" style=\"clear: both; text-align: justify;\">\n<\/div>\n<div class=\"separator\" style=\"clear: both; text-align: justify;\">\nSegundo informa\u00e7\u00f5es de populares a v\u00edtima ainda correu, mas caiu cerca de 20 metros do local onde aconteceu os tiros. O corpo foi encaminhado para o IML de Caruaru.<\/div>\n<div class=\"separator\" style=\"clear: both; text-align: justify;\">\n<\/div>\n<div class=\"separator\" style=\"clear: both; text-align: justify;\">\nEste foi o 2\u00ba homic\u00eddio no m\u00eas de outubro e o 132\u00ba no ano em Caruaru.<\/div>\n<div class=\"separator\" style=\"clear: both; text-align: justify;\">\n<\/div>\n<div class=\"separator\" style=\"clear: both; text-align: center;\">\n<a href=\"https:\/\/1.bp.blogspot.com\/-aF96Wn_8DhY\/W7lZGrgu11I\/AAAAAAAA7Yo\/NgjLElZUB6Uv9TYXTff4HimimJdsxEiAQCLcBGAs\/s1600\/IMG-20181006-WA0539.jpg\" imageanchor=\"1\" style=\"margin-left: 1em; margin-right: 1em;\"><img loading=\"lazy\" decoding=\"async\" border=\"0\" data-original-height=\"1280\" data-original-width=\"720\" height=\"640\" src=\"http:\/\/blogdoedvaldomagalhaes.com.br\/wp-content\/uploads\/2018\/10\/IMG-20181006-WA0539.jpg\" width=\"360\" \/><\/a><\/div>\n<div class=\"separator\" style=\"clear: both; text-align: center;\">\n<\/div>\n<div class=\"separator\" style=\"clear: both; text-align: center;\">\n<\/div>\n<div class=\"separator\" style=\"clear: both; text-align: center;\">\n<\/div>\n<div class=\"separator\" style=\"clear: both; text-align: justify;\">\n<\/div>\n<blockquote class=\"tr_bq\">\n<div style=\"text-align: justify;\">\n<\/div>\n<\/blockquote>\n","protected":false},"excerpt":{"rendered":"<p>Foto: Kalebe Pereira Lorival Amaro da Silva, de 48 anos de idade, conhecido pelo apelido de &#8220;Bh\u00e1&#8221;, residente na rua&hellip;<\/p>\n","protected":false},"author":1,"featured_media":0,"comment_status":"open","ping_status":"open","sticky":false,"template":"","format":"standard","meta":{"footnotes":""},"categories":[1],"tags":[2,1014,13],"class_list":["post-1069","post","type-post","status-publish","format-standard","hentry","category-sem-categoria","tag-blog-do-edvaldo-magalhaes","tag-homem-assassinado-em-caruaru-neste-sabado-6","tag-policial"],"_links":{"self":[{"href":"https:\/\/blogdoedvaldomagalhaes.com.br\/index.php\/wp-json\/wp\/v2\/posts\/1069","targetHints":{"allow":["GET"]}}],"collection":[{"href":"https:\/\/blogdoedvaldomagalhaes.com.br\/index.php\/wp-json\/wp\/v2\/posts"}],"about":[{"href":"https:\/\/blogdoedvaldomagalhaes.com.br\/index.php\/wp-json\/wp\/v2\/types\/post"}],"author":[{"embeddable":true,"href":"https:\/\/blogdoedvaldomagalhaes.com.br\/index.php\/wp-json\/wp\/v2\/users\/1"}],"replies":[{"embeddable":true,"href":"https:\/\/blogdoedvaldomagalhaes.com.br\/index.php\/wp-json\/wp\/v2\/comments?post=1069"}],"version-history":[{"count":1,"href":"https:\/\/blogdoedvaldomagalhaes.com.br\/index.php\/wp-json\/wp\/v2\/posts\/1069\/revisions"}],"predecessor-version":[{"id":34750,"href":"https:\/\/blogdoedvaldomagalhaes.com.br\/index.php\/wp-json\/wp\/v2\/posts\/1069\/revisions\/34750"}],"wp:attachment":[{"href":"https:\/\/blogdoedvaldomagalhaes.com.br\/index.php\/wp-json\/wp\/v2\/media?parent=1069"}],"wp:term":[{"taxonomy":"category","embeddable":true,"href":"https:\/\/blogdoedvaldomagalhaes.com.br\/index.php\/wp-json\/wp\/v2\/categories?post=1069"},{"taxonomy":"post_tag","embeddable":true,"href":"https:\/\/blogdoedvaldomagalhaes.com.br\/index.php\/wp-json\/wp\/v2\/tags?post=1069"}],"curies":[{"name":"wp","href":"https:\/\/api.w.org\/{rel}","templated":true}]}}