{"id":106782,"date":"2024-03-25T19:47:05","date_gmt":"2024-03-25T22:47:05","guid":{"rendered":"https:\/\/blogdoedvaldomagalhaes.com.br\/?p=106782"},"modified":"2024-03-25T19:47:06","modified_gmt":"2024-03-25T22:47:06","slug":"maes-de-pernambuco-governadora-raquel-lyra-lanca-programa-que-vai-dar-auxilio-mensal-de-r-300-a-100-mil-mulheres-em-situacao-de-vulnerabilidade-social","status":"publish","type":"post","link":"https:\/\/blogdoedvaldomagalhaes.com.br\/index.php\/2024\/03\/25\/maes-de-pernambuco-governadora-raquel-lyra-lanca-programa-que-vai-dar-auxilio-mensal-de-r-300-a-100-mil-mulheres-em-situacao-de-vulnerabilidade-social\/","title":{"rendered":"M\u00e3es de Pernambuco: governadora Raquel Lyra lan\u00e7a programa que vai dar aux\u00edlio mensal de R$ 300 a 100 mil mulheres em situa\u00e7\u00e3o de vulnerabilidade social"},"content":{"rendered":"<p>Numa solenidade marcada pela presen\u00e7a de mulheres e crian\u00e7as de todo Estado, a governadora Raquel Lyra lan\u00e7ou, nesta segunda-feira (25), nos jardins do Pal\u00e1cio do Campo das Princesas, o M\u00e3es de Pernambuco, o maior programa de transfer\u00eancia de renda e combate \u00e0 fome do Norte e Nordeste. Durante a cerim\u00f4nia, ao lado da vice-governadora Priscila Krause, prefeitos e prefeitas de diversas cidades pernambucanas, parlamentares e lideran\u00e7as, Raquel Lyra anunciou o aux\u00edlio de R$ 300 por m\u00eas a 100 mil mulheres que vivem em situa\u00e7\u00e3o extrema de vulnerabilidade social e t\u00eam filhos com at\u00e9 seis anos de idade. <\/p>\n<p>Durante o evento de lan\u00e7amento, a governadora assinou o decreto que regulamenta a iniciativa que integra um dos m\u00f3dulos do Pernambuco Sem Fome, criado pela lei 18.432\/2023. &#8220;O programa M\u00e3es de Pernambuco \u00e9 um marco na nossa gest\u00e3o, prioridade absoluta. Sabemos que esse aux\u00edlio ir\u00e1 ajudar a levar mais dignidade e cidadania. \u00c9 uma porta de entrada para outras pol\u00edticas p\u00fablicas que o Governo de Pernambuco ir\u00e1 oferecer para essas fam\u00edlias. As beneficiadas receber\u00e3o um cart\u00e3o para ter acesso ao valor e poder\u00e3o comprar mais comida para dentro de suas casas&#8221;, afirmou Raquel Lyra.<\/p>\n<p>O benef\u00edcio ser\u00e1 pago em 12 parcelas mensais. Em 2024, os recursos previstos para o pagamento s\u00e3o da ordem de R$ 30 milh\u00f5es por m\u00eas, j\u00e1 garantidos no or\u00e7amento de 2024, oriundos do Tesouro Estadual. A primeira parcela ser\u00e1 paga no m\u00eas de maio, tempo necess\u00e1rio para a confirma\u00e7\u00e3o das mulheres selecionadas. A partir de junho, a parcela ser\u00e1 paga na primeira quinzena de cada m\u00eas.<\/p>\n<p>Em seu discurso, a vice-governadora Priscila Krause reafirmou que a assist\u00eancia social \u00e9 uma prioridade para a gest\u00e3o estadual. &#8220;Desde o dia em que assumimos, estamos escrevendo uma p\u00e1gina diferente na assist\u00eancia social deste Estado. As prefeituras contam com o Governo do Estado, pois temos garantidos todos os recursos para atender a popula\u00e7\u00e3o. E isso se torna real hoje na vida de 100 mil mulheres&#8221;, destacou.<\/p>\n<p>De acordo com o secret\u00e1rio de Assist\u00eancia Social, Combate \u00e0 Fome e Pol\u00edticas sobre Drogas, Carlos Braga, \u201co M\u00e3es de Pernambuco vai fazer um complemento, ou seja, elas j\u00e1 est\u00e3o no Bolsa Fam\u00edlia e pelo sistema que foi feito, foi identificado que mesmo recebendo o recurso federal, elas continuam sendo as mais vulner\u00e1veis e cada uma delas vai receber um valor mensal de R$ 300, justamente para ajudar na cria\u00e7\u00e3o dessa crian\u00e7a dos 0 a 6 anos, para que assim possa construir um futuro melhor, que a gente possa ter adolescentes e adultos melhores, baseado nesse fortalecimento da renda dessa mulher&#8221;, explicou.<\/p>\n<p>A dona de casa Alexandra Oliveira tem 8 filhos e comemorou a cria\u00e7\u00e3o do programa. \u201cO que a governadora est\u00e1 fazendo \u00e9 uma ajuda para quem \u00e9 m\u00e3e. E como eu tenho os meus filhos pequenininhos, criando sozinha, estou feliz por estar aqui nesse lan\u00e7amento. Esses R$ 300 s\u00e3o uma complementa\u00e7\u00e3o para comprar carne, fub\u00e1, leite e fralda. Agrade\u00e7o a Raquel Lyra pela sensibilidade de olhar por n\u00f3s&#8221;, disse.<\/p>\n<p>Dentro do universo das 100 mil mulheres inicialmente contempladas pelo M\u00e3es de Pernambuco, 62.487 s\u00e3o m\u00e3es solo. Ao todo, espera-se que o programa alcance cerca de 118 mil crian\u00e7as. Considerando as regi\u00f5es de desenvolvimento de Pernambuco, a maior parte das mulheres atendidas pelo programa se concentra na Regi\u00e3o Metropolitana do Recife (17.078), seguida por Agreste Meridional (14.973), Agreste Central (14.699), Mata Sul (9.071) e Sert\u00e3o do Araripe (7.653).<\/p>\n<p>*SELE\u00c7\u00c3O* &#8211; Para ter acesso ao aux\u00edlio, as benefici\u00e1rias precisam cumprir cinco crit\u00e9rios, simultaneamente: morar em Pernambuco; ser benefici\u00e1ria do Programa Bolsa Fam\u00edlia e manter os dados do Cadastro \u00danico (Cad\u00danico) atualizados; ser respons\u00e1vel familiar; estar gestante, ser m\u00e3e ou respons\u00e1vel por crian\u00e7a de 0 a 6 anos (72 meses); n\u00e3o ter v\u00ednculo empregat\u00edcio formal.<\/p>\n<p>O programa vai utilizar a base de dados do Bolsa Fam\u00edlia para a sele\u00e7\u00e3o das mulheres. Por isso n\u00e3o ser\u00e1 necess\u00e1rio fazer novo cadastro. Ser\u00e1 preciso sinalizar o interesse em receber o benef\u00edcio no site oficial do M\u00e3es de Pernambuco (www.maesdepernambuco.pe.gov.br). O prazo para confirma\u00e7\u00e3o do interesse em participar do programa vai at\u00e9 o dia 25 de abril. <\/p>\n<p>Para saber se est\u00e1 entre as selecionadas do benef\u00edcio, a mulher deve acessar o site do programa, informando seu N\u00famero de Identifica\u00e7\u00e3o Social (NIS) e sua data de nascimento. Estando apta, ela deve confirmar que quer ter acesso ao aux\u00edlio.<\/p>\n<p>*CRUZAMENTO DE DADOS* &#8211; A verifica\u00e7\u00e3o dos dados informados no Cad\u00danico \u00e9 feita pela Secretaria da Controladoria-Geral do Estado (SCGE) e pela Secretaria da Fazenda (SEFAZ), que v\u00e3o acompanhar o andamento do M\u00e3es de Pernambuco, cruzando informa\u00e7\u00f5es de v\u00e1rias bases para checar o que foi informado no Cadastro \u00danico. Em caso de inconsist\u00eancias, o pagamento do aux\u00edlio pode ser suspenso, mas essa interrup\u00e7\u00e3o pode ser contestada, por meio da Ouvidoria Social da Secretaria de Assist\u00eancia Social, Combate \u00e0 Fome e Pol\u00edticas sobre Drogas. O contato com a Ouvidoria Social pode ser feito por telefone (0800.081.4421), por e-mail documentosmaes@sas.gov.pe.br ou pelo WhatsApp (81) 9-8494.1298.<\/p>\n<p>Participaram do evento o deputado federal T\u00falio Gadelha e os estaduais Franz Hacker, Luciano Duque, Kaio Mani\u00e7oba, Romero Sales Filho, Gustavo Gouveia, Socorro Pimentel, Jo\u00e3ozinho Ten\u00f3rio, Isa\u00edas R\u00e9gis, D\u00e9bora Almeida, Nino de Enoque, Ant\u00f4nio Moraes, Simone Santana, Jo\u00e3o de Nadege, Renato Antunes, Fabr\u00edzio Ferraz e Danilo Godoy. Tamb\u00e9m compareceram os prefeitos Marcelo Gouveia (Paudalho), Marly Quental (Cedro),  Rorr\u00f3 Mani\u00e7oba (Floresta), Luciele Laurentino (Bezerros), Guiga (Vic\u00eancia), C\u00e9lia Sales (Ipojuca), Judite Botafogo (Lagoa do Carro), Silvestre (Passira), Edmilson Cupertino  (Moreno), Rodrigo Pinheiro (Caruaru), Carrapicho (Tamandar\u00e9), Arquimedes (Bu\u00edque), Marcos Patriota (Jupi), Erivaldo Chagas (Lajedo), Camila Chaves (Sirinha\u00e9m), Z\u00e9 Maria (Cupira), Zeinha (Iguaracy), Gra\u00e7a (Catende), C\u00e1tia (Jata\u00faba), Z\u00e9 de irm\u00e3 Teca (Itapssuma), Mano Medeiros (Jaboat\u00e3o), Di\u00f3 Filho (Riacho das Almas), Orlando Jos\u00e9 (Altinho), Duguinha (S\u00e3o Joaquim do Monte), Edilson Tavares (Toritama), Marcone Santos (S\u00e3o Vicente F\u00e9rrer), Elcione (Igarassu), Ridete Pellegrino (Jaqueira), Jogli Uch\u00f4a (Ara\u00e7oiaba), Isabel Hacker (Rio Formoso), Lero (Taquaritinga), Orlando Jorge (Limoeiro), Wellington (Arcoverde), Paquinha (Macaparana), Talita de Doda (Camutanga), Neto Cavalcanti (\u00c1gua Preta), Washington (Tacaratu), Nadegi (Camaragibe), Carlinhos da Pedreira (Barreiros), Izalta (Ibirajuba), J\u00fanior de Beto (Palmares)<br \/>\nFoto: Hes\u00edodo G\u00f3es\/Secom<\/p>\n<p>Seja seguidor do Instagram do Blog @blogdoedvaldomagalhaes<\/p>\n","protected":false},"excerpt":{"rendered":"<p>Numa solenidade marcada pela presen\u00e7a de mulheres e crian\u00e7as de todo Estado, a governadora Raquel Lyra lan\u00e7ou, nesta segunda-feira (25),&hellip;<\/p>\n","protected":false},"author":1,"featured_media":106783,"comment_status":"closed","ping_status":"open","sticky":false,"template":"","format":"standard","meta":{"footnotes":""},"categories":[14122],"tags":[29440,2,28801,3406,30085],"class_list":["post-106782","post","type-post","status-publish","format-standard","has-post-thumbnail","hentry","category-politica","tag-blog-com-mais-visualizacao","tag-blog-do-edvaldo-magalhaes","tag-blog-mais-acessado","tag-caruaru","tag-maes-de-pernambuco-governadora-raquel-lyra-lanca-programa-que-vai-dar-auxilio-mensal-de-r-300-a-100-mil-mulheres-em-situacao-de-vulnerabilidade-social"],"_links":{"self":[{"href":"https:\/\/blogdoedvaldomagalhaes.com.br\/index.php\/wp-json\/wp\/v2\/posts\/106782","targetHints":{"allow":["GET"]}}],"collection":[{"href":"https:\/\/blogdoedvaldomagalhaes.com.br\/index.php\/wp-json\/wp\/v2\/posts"}],"about":[{"href":"https:\/\/blogdoedvaldomagalhaes.com.br\/index.php\/wp-json\/wp\/v2\/types\/post"}],"author":[{"embeddable":true,"href":"https:\/\/blogdoedvaldomagalhaes.com.br\/index.php\/wp-json\/wp\/v2\/users\/1"}],"replies":[{"embeddable":true,"href":"https:\/\/blogdoedvaldomagalhaes.com.br\/index.php\/wp-json\/wp\/v2\/comments?post=106782"}],"version-history":[{"count":1,"href":"https:\/\/blogdoedvaldomagalhaes.com.br\/index.php\/wp-json\/wp\/v2\/posts\/106782\/revisions"}],"predecessor-version":[{"id":106784,"href":"https:\/\/blogdoedvaldomagalhaes.com.br\/index.php\/wp-json\/wp\/v2\/posts\/106782\/revisions\/106784"}],"wp:featuredmedia":[{"embeddable":true,"href":"https:\/\/blogdoedvaldomagalhaes.com.br\/index.php\/wp-json\/wp\/v2\/media\/106783"}],"wp:attachment":[{"href":"https:\/\/blogdoedvaldomagalhaes.com.br\/index.php\/wp-json\/wp\/v2\/media?parent=106782"}],"wp:term":[{"taxonomy":"category","embeddable":true,"href":"https:\/\/blogdoedvaldomagalhaes.com.br\/index.php\/wp-json\/wp\/v2\/categories?post=106782"},{"taxonomy":"post_tag","embeddable":true,"href":"https:\/\/blogdoedvaldomagalhaes.com.br\/index.php\/wp-json\/wp\/v2\/tags?post=106782"}],"curies":[{"name":"wp","href":"https:\/\/api.w.org\/{rel}","templated":true}]}}