{"id":106776,"date":"2024-03-25T18:49:38","date_gmt":"2024-03-25T21:49:38","guid":{"rendered":"https:\/\/blogdoedvaldomagalhaes.com.br\/?p=106776"},"modified":"2024-03-25T18:49:39","modified_gmt":"2024-03-25T21:49:39","slug":"transporte-escolar-de-caruaru-fica-no-topo-do-programa-ambiental-despoluir","status":"publish","type":"post","link":"https:\/\/blogdoedvaldomagalhaes.com.br\/index.php\/2024\/03\/25\/transporte-escolar-de-caruaru-fica-no-topo-do-programa-ambiental-despoluir\/","title":{"rendered":"Transporte escolar de Caruaru fica no topo do programa ambiental Despoluir"},"content":{"rendered":"<p>Caruaru, atrav\u00e9s do transporte escolar da Secretaria Municipal de Educa\u00e7\u00e3o e Esportes, conquistou o 1\u00ba lugar do Pr\u00eamio Regional de Excel\u00eancia em Meio Ambiente, do Despoluir \u2013 programa ambiental do transporte. A entrega da premia\u00e7\u00e3o ocorreu, na manh\u00e3 desta segunda-feira (25), na sala de monitoramento da PMC, no Centro, com as participa\u00e7\u00f5es do prefeito Rodrigo Pinheiro, da secret\u00e1ria da Seduc, Aline Tiburcio, bem como dos representantes da Confedera\u00e7\u00e3o Nacional do Transporte (CNT), do Servi\u00e7o Social do Transporte (SEST) e do Servi\u00e7o Nacional de Aprendizagem do Transporte (SENAT).<\/p>\n<p>Esta foi a primeira vez que a Capital do Agreste, por meio da Secretaria de Educa\u00e7\u00e3o e Esportes, ficou no topo do pr\u00eamio, desde que aderiu ao Despoluir e passou a concorrer com demais estados do Nordeste. Promovido pela CNT, em conjunto com o SEST SENAT, ele tem como objetivo incentivar os transportadores a adotarem pr\u00e1ticas ambientalmente respons\u00e1veis diminuindo os seus impactos na natureza e na sa\u00fade p\u00fablica, com foco especial na qualidade de vida da popula\u00e7\u00e3o.<\/p>\n<p>Caruaru foi premiada pelo Despoluir devido ao servi\u00e7o de transporte escolar oferecido na rede municipal de ensino. \u201cEste programa j\u00e1 \u00e9 desenvolvido h\u00e1 15 anos, no Brasil, e realiza avalia\u00e7\u00f5es veiculares ambientais premiando empresas e institui\u00e7\u00f5es, que apresentam os menores \u00edndices de poluentes atmosf\u00e9ricos nas suas respectivas frotas. Fazemos aferi\u00e7\u00f5es em transportes aut\u00f4nomos, de carga e escolares e Caruaru foi primeiro lugar na categoria regional: Passageiros. Um reconhecimento ao grande servi\u00e7o que tem sido prestado pelo transporte escolar municipal de Caruaru\u201d, comentou o representante do Despoluir, Laudemir Costa. <\/p>\n<p>Conforme destacou o prefeito Rodrigo Pinheiro, a premia\u00e7\u00e3o \u00e9 mais um reflexo dos grandes investimentos que t\u00eam sido realizados, ao longo dos \u00faltimos anos, na Educa\u00e7\u00e3o de Caruaru. \u201cNosso trabalho tem sido incans\u00e1vel para qualificarmos, cada vez mais, todos os setores da nossa Educa\u00e7\u00e3o. Os investimentos t\u00eam sido constantes para dotarmos os estudantes das melhores condi\u00e7\u00f5es de aprendizado poss\u00edveis e na medida em que contribu\u00edmos para com a queda da despolui\u00e7\u00e3o dos \u00f4nibus escolares, estamos contribuindo n\u00e3o s\u00f3 para os seus respectivos desempenhos escolares, mas tamb\u00e9m para o nosso ambiente\u201d. <\/p>\n<p>De acordo com os dados da Seduc Caruaru, atualmente, 13 mil estudantes da rede s\u00e3o usu\u00e1rios do transporte escolar municipal. Ao todo, 400 servidores se encontram envolvidos na execu\u00e7\u00e3o do servi\u00e7o. \u201cAgradecemos ao prefeito Rodrigo Pinheiro por possibilitar que ampliemos as capacita\u00e7\u00f5es e forma\u00e7\u00f5es em rela\u00e7\u00e3o ao nosso quadro de servidores do transporte, por qualificar cada vez mais a nossa frota e pela aten\u00e7\u00e3o redobrada depositada a tudo que se refere a Educa\u00e7\u00e3o de Caruaru. Este pr\u00eamio representa mais um reconhecimento do grande trabalho que est\u00e1 sendo desenvolvido!\u201d, comemorou a secret\u00e1ria da Seduc, Aline Tiburcio. Foto: Divulga\u00e7\u00e3o<\/p>\n<p>Seja seguidor do Instagram do Blog @blogdoedvaldomagalhaes<\/p>\n","protected":false},"excerpt":{"rendered":"<p>Caruaru, atrav\u00e9s do transporte escolar da Secretaria Municipal de Educa\u00e7\u00e3o e Esportes, conquistou o 1\u00ba lugar do Pr\u00eamio Regional de&hellip;<\/p>\n","protected":false},"author":1,"featured_media":106777,"comment_status":"closed","ping_status":"open","sticky":false,"template":"","format":"standard","meta":{"footnotes":""},"categories":[14120],"tags":[29440,2,28801,30084],"class_list":["post-106776","post","type-post","status-publish","format-standard","has-post-thumbnail","hentry","category-noticias","tag-blog-com-mais-visualizacao","tag-blog-do-edvaldo-magalhaes","tag-blog-mais-acessado","tag-transporte-escolar-de-caruaru-fica-no-topo-do-programa-ambiental-despoluir"],"_links":{"self":[{"href":"https:\/\/blogdoedvaldomagalhaes.com.br\/index.php\/wp-json\/wp\/v2\/posts\/106776","targetHints":{"allow":["GET"]}}],"collection":[{"href":"https:\/\/blogdoedvaldomagalhaes.com.br\/index.php\/wp-json\/wp\/v2\/posts"}],"about":[{"href":"https:\/\/blogdoedvaldomagalhaes.com.br\/index.php\/wp-json\/wp\/v2\/types\/post"}],"author":[{"embeddable":true,"href":"https:\/\/blogdoedvaldomagalhaes.com.br\/index.php\/wp-json\/wp\/v2\/users\/1"}],"replies":[{"embeddable":true,"href":"https:\/\/blogdoedvaldomagalhaes.com.br\/index.php\/wp-json\/wp\/v2\/comments?post=106776"}],"version-history":[{"count":1,"href":"https:\/\/blogdoedvaldomagalhaes.com.br\/index.php\/wp-json\/wp\/v2\/posts\/106776\/revisions"}],"predecessor-version":[{"id":106778,"href":"https:\/\/blogdoedvaldomagalhaes.com.br\/index.php\/wp-json\/wp\/v2\/posts\/106776\/revisions\/106778"}],"wp:featuredmedia":[{"embeddable":true,"href":"https:\/\/blogdoedvaldomagalhaes.com.br\/index.php\/wp-json\/wp\/v2\/media\/106777"}],"wp:attachment":[{"href":"https:\/\/blogdoedvaldomagalhaes.com.br\/index.php\/wp-json\/wp\/v2\/media?parent=106776"}],"wp:term":[{"taxonomy":"category","embeddable":true,"href":"https:\/\/blogdoedvaldomagalhaes.com.br\/index.php\/wp-json\/wp\/v2\/categories?post=106776"},{"taxonomy":"post_tag","embeddable":true,"href":"https:\/\/blogdoedvaldomagalhaes.com.br\/index.php\/wp-json\/wp\/v2\/tags?post=106776"}],"curies":[{"name":"wp","href":"https:\/\/api.w.org\/{rel}","templated":true}]}}