{"id":106773,"date":"2024-03-25T18:28:29","date_gmt":"2024-03-25T21:28:29","guid":{"rendered":"https:\/\/blogdoedvaldomagalhaes.com.br\/?p=106773"},"modified":"2024-03-25T18:28:30","modified_gmt":"2024-03-25T21:28:30","slug":"dia-d-da-campanha-lava-pes-sera-realizado-em-caruaru-nesta-quarta-27","status":"publish","type":"post","link":"https:\/\/blogdoedvaldomagalhaes.com.br\/index.php\/2024\/03\/25\/dia-d-da-campanha-lava-pes-sera-realizado-em-caruaru-nesta-quarta-27\/","title":{"rendered":"\u201cDia D\u201d da Campanha Lava-P\u00e9s ser\u00e1 realizado em Caruaru nesta quarta (27)"},"content":{"rendered":"<p>A Secretaria de Sa\u00fade de Caruaru (SMS) vai realizar, nesta quarta-feira (27), o \u201cDia D\u201d da Campanha &#8220;Lava-p\u00e9s&#8221;. A a\u00e7\u00e3o, em alus\u00e3o \u00e0 Semana Santa, visa orientar as pessoas quanto aos cuidados com os p\u00e9s diab\u00e9ticos, prevenindo as amputa\u00e7\u00f5es causadas pela doen\u00e7a. A a\u00e7\u00e3o vai acontecer no Marco Zero, das 09h \u00e0s 12h, onde os pacientes v\u00e3o poder fazer, gratuitamente, avalia\u00e7\u00e3o do p\u00e9 diab\u00e9tico, avalia\u00e7\u00e3o antropom\u00e9trica, receber orienta\u00e7\u00e3o e avalia\u00e7\u00e3o nutricional, e rastreamento do Diabetes.<\/p>\n<p>Apesar do evento ter como foco a orienta\u00e7\u00e3o para preven\u00e7\u00e3o e cuidados dos diab\u00e9ticos, tamb\u00e9m ser\u00e3o ofertadas avalia\u00e7\u00e3o f\u00edsica, aferi\u00e7\u00e3o de press\u00e3o, vacina\u00e7\u00e3o, auriculoterapia e ventosaterapia. A a\u00e7\u00e3o ser\u00e1 realizada em parceria com a UFPE, UniFavip Wyden, Uninassau e Asces-Unita.<\/p>\n<p>As a\u00e7\u00f5es da Campanha Lava-P\u00e9s est\u00e3o sendo tamb\u00e9m realizadas nas Unidades B\u00e1sicas de Sa\u00fade (UBS) do munic\u00edpio, entre os dias 18 e 28 de mar\u00e7o. <\/p>\n<p>*Servi\u00e7o:*<br \/>\n. \u201cDia D\u201d da Campanha Lava-P\u00e9s &#8211; preven\u00e7\u00e3o, orienta\u00e7\u00f5es e cuidados com os p\u00e9s dos diab\u00e9ticos<br \/>\n. Dia: 27.03.2024 (quarta)<br \/>\n. Hora: 09h \u00e0s 12h<br \/>\n. Local: Marco Zero de Caruaru (em frente \u00e0 Igreja da Concei\u00e7\u00e3o).<br \/>\nFoto: Divulga\u00e7\u00e3o\/Secom\/PMC<\/p>\n<p>Seja seguidor do Instagram do Blog @blogdoedvaldomagalhaes<\/p>\n","protected":false},"excerpt":{"rendered":"<p>A Secretaria de Sa\u00fade de Caruaru (SMS) vai realizar, nesta quarta-feira (27), o \u201cDia D\u201d da Campanha &#8220;Lava-p\u00e9s&#8221;. A a\u00e7\u00e3o,&hellip;<\/p>\n","protected":false},"author":1,"featured_media":106774,"comment_status":"closed","ping_status":"open","sticky":false,"template":"","format":"standard","meta":{"footnotes":""},"categories":[14120],"tags":[30083,29440,2,28801,3406],"class_list":["post-106773","post","type-post","status-publish","format-standard","has-post-thumbnail","hentry","category-noticias","tag-dia-d-da-campanha-lava-pes-sera-realizado-em-caruaru-nesta-quarta-27","tag-blog-com-mais-visualizacao","tag-blog-do-edvaldo-magalhaes","tag-blog-mais-acessado","tag-caruaru"],"_links":{"self":[{"href":"https:\/\/blogdoedvaldomagalhaes.com.br\/index.php\/wp-json\/wp\/v2\/posts\/106773","targetHints":{"allow":["GET"]}}],"collection":[{"href":"https:\/\/blogdoedvaldomagalhaes.com.br\/index.php\/wp-json\/wp\/v2\/posts"}],"about":[{"href":"https:\/\/blogdoedvaldomagalhaes.com.br\/index.php\/wp-json\/wp\/v2\/types\/post"}],"author":[{"embeddable":true,"href":"https:\/\/blogdoedvaldomagalhaes.com.br\/index.php\/wp-json\/wp\/v2\/users\/1"}],"replies":[{"embeddable":true,"href":"https:\/\/blogdoedvaldomagalhaes.com.br\/index.php\/wp-json\/wp\/v2\/comments?post=106773"}],"version-history":[{"count":1,"href":"https:\/\/blogdoedvaldomagalhaes.com.br\/index.php\/wp-json\/wp\/v2\/posts\/106773\/revisions"}],"predecessor-version":[{"id":106775,"href":"https:\/\/blogdoedvaldomagalhaes.com.br\/index.php\/wp-json\/wp\/v2\/posts\/106773\/revisions\/106775"}],"wp:featuredmedia":[{"embeddable":true,"href":"https:\/\/blogdoedvaldomagalhaes.com.br\/index.php\/wp-json\/wp\/v2\/media\/106774"}],"wp:attachment":[{"href":"https:\/\/blogdoedvaldomagalhaes.com.br\/index.php\/wp-json\/wp\/v2\/media?parent=106773"}],"wp:term":[{"taxonomy":"category","embeddable":true,"href":"https:\/\/blogdoedvaldomagalhaes.com.br\/index.php\/wp-json\/wp\/v2\/categories?post=106773"},{"taxonomy":"post_tag","embeddable":true,"href":"https:\/\/blogdoedvaldomagalhaes.com.br\/index.php\/wp-json\/wp\/v2\/tags?post=106773"}],"curies":[{"name":"wp","href":"https:\/\/api.w.org\/{rel}","templated":true}]}}