{"id":106770,"date":"2024-03-25T18:23:00","date_gmt":"2024-03-25T21:23:00","guid":{"rendered":"https:\/\/blogdoedvaldomagalhaes.com.br\/?p=106770"},"modified":"2024-03-25T18:23:01","modified_gmt":"2024-03-25T21:23:01","slug":"cemit-emite-alerta-para-banho-de-mar-seguro-durante-a-semana-santa","status":"publish","type":"post","link":"https:\/\/blogdoedvaldomagalhaes.com.br\/index.php\/2024\/03\/25\/cemit-emite-alerta-para-banho-de-mar-seguro-durante-a-semana-santa\/","title":{"rendered":"CEMIT emite alerta para banho de mar seguro durante a Semana Santa"},"content":{"rendered":"<p>O Comit\u00ea de Monitoramento de Incidentes com Tubar\u00f5es (Cemit) alerta, mais uma vez, para as medidas que devem ser tomadas pelos banhistas da Regi\u00e3o Metropolitana do Recife para garantir um banho de mar seguro para Semana Santa ser sem grandes intercorr\u00eancias.<\/p>\n<p>O Comit\u00ea orienta a popula\u00e7\u00e3o sobre a fase da Lua Cheia que tem in\u00edcio nesta segunda-feira (25). O per\u00edodo intensifica o aumento das mar\u00e9s, tornando-as mais altas e fortes. Nos dias 28, 29, 30 e 31 de mar\u00e7o (de quinta a domingo), as mar\u00e9s v\u00e3o atingir as suas maiores marcas, nos per\u00edodos chamados de \u2018crepusculares\u2019, que compreendem os hor\u00e1rios do in\u00edcio da manh\u00e3 e fim da tarde, quando v\u00e3o chegar a alturas entre 1.8 e 2.2 metros.<\/p>\n<p>Esses hor\u00e1rios aumentam as chances de incidentes com tubar\u00f5es por serem os per\u00edodos escolhidos por esses animais para a alimenta\u00e7\u00e3o, fazendo com que eles procurem \u00e1guas mais rasas e, consequentemente, se aproximem da costa. Al\u00e9m dessas condi\u00e7\u00f5es, a \u00e1gua turva, normalmente causada ap\u00f3s as chuvas, tamb\u00e9m pode impulsionar o risco de incidentes.<\/p>\n<p>O Comit\u00ea alerta que os banhistas s\u00f3 entrem no mar nos per\u00edodos de mar\u00e9 baixa e escolham locais com a presen\u00e7a de arrecifes ou barreiras naturais, onde h\u00e1 a forma\u00e7\u00e3o de pequenas piscinas naturais, que ajudam a evitar a presen\u00e7a de tubar\u00f5es na costa. <\/p>\n<p>\u00c9 aconselh\u00e1vel que a popula\u00e7\u00e3o evite, em qualquer hora do dia e independente da altura da mar\u00e9, o banho em \u00e1reas que n\u00e3o contam com arrecifes ou possuam sa\u00edda direta para o mar. Tamb\u00e9m \u00e9 imprescind\u00edvel que os banhistas se atentem \u00e0 presen\u00e7a de bandeirolas instaladas pelo Corpo de Bombeiros, que podem indicar locais prop\u00edcios a incidentes com tubar\u00f5es e afogamentos, decorrentes de fortes ondas e correntezas.<\/p>\n<p>Confira os hor\u00e1rios das mar\u00e9s durante o feriado:<\/p>\n<p>Dia 28\/03 (quinta)<\/p>\n<p>05h30 \u2013 2.2m<\/p>\n<p>11h34 \u2013 0.4m<\/p>\n<p>17h49 \u2013 2.2m<\/p>\n<p>23h53 \u2013 -0.4m<br \/>\n\u00a0<\/p>\n<p>Dia 29\/03 (sexta)<\/p>\n<p>06h02 \u2013 2.1m<\/p>\n<p>12h06 \u2013 0.5m<\/p>\n<p>18h23 \u2013 2.1m<\/p>\n<p>Dia 30\/03 (s\u00e1bado)<\/p>\n<p>00h24 \u2013 0.6m<\/p>\n<p>06h39 \u2013 2.0m<\/p>\n<p>12h45 \u2013 0.6m<\/p>\n<p>19h06 \u2013 1.9m<\/p>\n<p>Dia 31\/03 (domingo)<\/p>\n<p>01h04 \u2013 0.7m<\/p>\n<p>07h23 \u2013 1.9m<\/p>\n<p>13h32 \u2013 0.7m<\/p>\n<p>20h02 \u2013 1.8m<\/p>\n<p>O CEMIT orienta tamb\u00e9m que a popula\u00e7\u00e3o evite o banho de mar nas seguintes condi\u00e7\u00f5es:<\/p>\n<p>\u00a0\u00a0\u00a0\u00a0\u2022 Em \u00e1reas com placas de advert\u00eancia de riscos de incidentes com tubar\u00f5es;<\/p>\n<p>\u00a0\u00a0\u00a0\u00a0\u2022 Em \u00e1reas sem prote\u00e7\u00e3o dos recifes, sem forma\u00e7\u00e3o de piscinas naturais;<\/p>\n<p>\u00a0\u00a0\u00a0\u00a0\u2022 Nos hor\u00e1rios iniciais da manh\u00e3 ou final da tarde, j\u00e1 que os tubar\u00f5es s\u00e3o mais ativos nesses per\u00edodos crepusculares.<\/p>\n<p>\u00a0\u00a0\u00a0\u00a0\u2022 Se estiver com algum tipo de ferida ou sangramento, pois fluidos sangu\u00edneos podem ativar o olfato dos animais;<\/p>\n<p>\u00a0\u00a0\u00a0\u00a0\u2022 Durante per\u00edodos chuvosos, que aumentam a turbidez da \u00e1gua, fazendo com que os animais n\u00e3o consigam diferenciar suas presas naturais de humanos.<\/p>\n<p>\u00a0\u00a0\u00a0\u00a0\u2022 Em locais pr\u00f3ximos \u00e0s desembocaduras de rios, pois os rios des\u00e1guam grandes quantidades de sedimentos e mat\u00e9ria org\u00e2nica no mar que, al\u00e9m de deixar a \u00e1gua turva, tende a atrair animais marinhos que podem oferecer riscos de incidentes.\u00a0<\/p>\n<p>\u00a0\u00a0\u00a0\u00a0\u2022 Se tiver consumido bebida alco\u00f3lica;<\/p>\n<p>\u00a0\u00a0\u00a0\u00a0\u2022 Se estiver sozinho(a);<\/p>\n<p>\u00a0\u00a0\u00a0\u00a0\u2022 Se possuir objetivos brilhantes ou chamativos, que podem agu\u00e7ar os sentidos dos animais.<\/p>\n<p>*Outras informa\u00e7\u00f5es importantes:*<\/p>\n<p>Um trecho de 33 km, entre a Praia do Farol, em Olinda, at\u00e9 os coqueirais da Praia do Paiva, no Cabo de Santo Agostinho, \u00e9 considerado um trecho de aten\u00e7\u00e3o para banhistas, que devem seguir as orienta\u00e7\u00f5es dadas pelo Comit\u00ea. Segundo o Decreto estadual 21.402\/1999, nesta \u00e1rea \u00e9 proibida a pr\u00e1tica de atividades n\u00e1uticas.\u00a0<\/p>\n<p>A proibi\u00e7\u00e3o para banho ocorre em um \u00fanico ponto, em um trecho de cerca de 2,2 km da Praia de Piedade, entre a Igrejinha de Piedade e o Hotel Barramares, localizado ao lado do Hospital da Aeron\u00e1utica. Essa proibi\u00e7\u00e3o foi estabelecida por decreto municipal de Jaboat\u00e3o dos Guararapes.<br \/>\nFoto: Tarciso Augusto\/GCOM SEMAS-PE<\/p>\n<p>Seja seguidor do Instagram do Blog @blogdoedvaldomagalhaes<\/p>\n","protected":false},"excerpt":{"rendered":"<p>O Comit\u00ea de Monitoramento de Incidentes com Tubar\u00f5es (Cemit) alerta, mais uma vez, para as medidas que devem ser tomadas&hellip;<\/p>\n","protected":false},"author":1,"featured_media":106771,"comment_status":"closed","ping_status":"open","sticky":false,"template":"","format":"standard","meta":{"footnotes":""},"categories":[14120],"tags":[29440,2,28801,3406,30082],"class_list":["post-106770","post","type-post","status-publish","format-standard","has-post-thumbnail","hentry","category-noticias","tag-blog-com-mais-visualizacao","tag-blog-do-edvaldo-magalhaes","tag-blog-mais-acessado","tag-caruaru","tag-cemit-emite-alerta-para-banho-de-mar-seguro-durante-a-semana-santa"],"_links":{"self":[{"href":"https:\/\/blogdoedvaldomagalhaes.com.br\/index.php\/wp-json\/wp\/v2\/posts\/106770","targetHints":{"allow":["GET"]}}],"collection":[{"href":"https:\/\/blogdoedvaldomagalhaes.com.br\/index.php\/wp-json\/wp\/v2\/posts"}],"about":[{"href":"https:\/\/blogdoedvaldomagalhaes.com.br\/index.php\/wp-json\/wp\/v2\/types\/post"}],"author":[{"embeddable":true,"href":"https:\/\/blogdoedvaldomagalhaes.com.br\/index.php\/wp-json\/wp\/v2\/users\/1"}],"replies":[{"embeddable":true,"href":"https:\/\/blogdoedvaldomagalhaes.com.br\/index.php\/wp-json\/wp\/v2\/comments?post=106770"}],"version-history":[{"count":1,"href":"https:\/\/blogdoedvaldomagalhaes.com.br\/index.php\/wp-json\/wp\/v2\/posts\/106770\/revisions"}],"predecessor-version":[{"id":106772,"href":"https:\/\/blogdoedvaldomagalhaes.com.br\/index.php\/wp-json\/wp\/v2\/posts\/106770\/revisions\/106772"}],"wp:featuredmedia":[{"embeddable":true,"href":"https:\/\/blogdoedvaldomagalhaes.com.br\/index.php\/wp-json\/wp\/v2\/media\/106771"}],"wp:attachment":[{"href":"https:\/\/blogdoedvaldomagalhaes.com.br\/index.php\/wp-json\/wp\/v2\/media?parent=106770"}],"wp:term":[{"taxonomy":"category","embeddable":true,"href":"https:\/\/blogdoedvaldomagalhaes.com.br\/index.php\/wp-json\/wp\/v2\/categories?post=106770"},{"taxonomy":"post_tag","embeddable":true,"href":"https:\/\/blogdoedvaldomagalhaes.com.br\/index.php\/wp-json\/wp\/v2\/tags?post=106770"}],"curies":[{"name":"wp","href":"https:\/\/api.w.org\/{rel}","templated":true}]}}