{"id":106767,"date":"2024-03-25T12:02:06","date_gmt":"2024-03-25T15:02:06","guid":{"rendered":"https:\/\/blogdoedvaldomagalhaes.com.br\/?p=106767"},"modified":"2024-03-25T12:02:07","modified_gmt":"2024-03-25T15:02:07","slug":"nego-do-salgado-faz-parte-da-gestao-raquel-lyra-e-rodrigo-pinheiro-desde-2017-e-nome-forte-como-pre-candidato-a-vereador-pelo-agiir-que-apoia-rodrigo-pinheiro","status":"publish","type":"post","link":"https:\/\/blogdoedvaldomagalhaes.com.br\/index.php\/2024\/03\/25\/nego-do-salgado-faz-parte-da-gestao-raquel-lyra-e-rodrigo-pinheiro-desde-2017-e-nome-forte-como-pre-candidato-a-vereador-pelo-agiir-que-apoia-rodrigo-pinheiro\/","title":{"rendered":"Nego do Salgado faz parte da gest\u00e3o Raquel Lyra e Rodrigo Pinheiro desde 2017 \u00e9 nome forte como pr\u00e9-candidato a vereador pelo Agiir que apoia Rodrigo Pinheiro"},"content":{"rendered":"<p>Nego do salgado &#8211; faz parte da gest\u00e3o Raquel lira e Rodrigo Pinheiro desde 2017 vem se destacado nas redes s\u00f3cias e com seus trabalhos em toda Caruaru, tamb\u00e9m \u00e9 defensor da causa eanimal e uns dos nomes forte a pr\u00e9-candidatura a vereador pelo partido Agiir que est\u00e1 com o prefeito Rodrigo Pinheiro<\/p>\n","protected":false},"excerpt":{"rendered":"<p>Nego do salgado &#8211; faz parte da gest\u00e3o Raquel lira e Rodrigo Pinheiro desde 2017 vem se destacado nas redes&hellip;<\/p>\n","protected":false},"author":1,"featured_media":106765,"comment_status":"closed","ping_status":"open","sticky":false,"template":"","format":"standard","meta":{"footnotes":""},"categories":[14122],"tags":[29440,2,28801,3406],"class_list":["post-106767","post","type-post","status-publish","format-standard","has-post-thumbnail","hentry","category-politica","tag-blog-com-mais-visualizacao","tag-blog-do-edvaldo-magalhaes","tag-blog-mais-acessado","tag-caruaru"],"_links":{"self":[{"href":"https:\/\/blogdoedvaldomagalhaes.com.br\/index.php\/wp-json\/wp\/v2\/posts\/106767","targetHints":{"allow":["GET"]}}],"collection":[{"href":"https:\/\/blogdoedvaldomagalhaes.com.br\/index.php\/wp-json\/wp\/v2\/posts"}],"about":[{"href":"https:\/\/blogdoedvaldomagalhaes.com.br\/index.php\/wp-json\/wp\/v2\/types\/post"}],"author":[{"embeddable":true,"href":"https:\/\/blogdoedvaldomagalhaes.com.br\/index.php\/wp-json\/wp\/v2\/users\/1"}],"replies":[{"embeddable":true,"href":"https:\/\/blogdoedvaldomagalhaes.com.br\/index.php\/wp-json\/wp\/v2\/comments?post=106767"}],"version-history":[{"count":1,"href":"https:\/\/blogdoedvaldomagalhaes.com.br\/index.php\/wp-json\/wp\/v2\/posts\/106767\/revisions"}],"predecessor-version":[{"id":106768,"href":"https:\/\/blogdoedvaldomagalhaes.com.br\/index.php\/wp-json\/wp\/v2\/posts\/106767\/revisions\/106768"}],"wp:featuredmedia":[{"embeddable":true,"href":"https:\/\/blogdoedvaldomagalhaes.com.br\/index.php\/wp-json\/wp\/v2\/media\/106765"}],"wp:attachment":[{"href":"https:\/\/blogdoedvaldomagalhaes.com.br\/index.php\/wp-json\/wp\/v2\/media?parent=106767"}],"wp:term":[{"taxonomy":"category","embeddable":true,"href":"https:\/\/blogdoedvaldomagalhaes.com.br\/index.php\/wp-json\/wp\/v2\/categories?post=106767"},{"taxonomy":"post_tag","embeddable":true,"href":"https:\/\/blogdoedvaldomagalhaes.com.br\/index.php\/wp-json\/wp\/v2\/tags?post=106767"}],"curies":[{"name":"wp","href":"https:\/\/api.w.org\/{rel}","templated":true}]}}