{"id":106761,"date":"2024-03-25T11:20:32","date_gmt":"2024-03-25T14:20:32","guid":{"rendered":"https:\/\/blogdoedvaldomagalhaes.com.br\/?p=106761"},"modified":"2024-03-25T11:20:33","modified_gmt":"2024-03-25T14:20:33","slug":"vereador-jorge-quintino-anuncia-audiencia-publica-sobre-pessoas-com-autismo-na-camara-dos-vereadores","status":"publish","type":"post","link":"https:\/\/blogdoedvaldomagalhaes.com.br\/index.php\/2024\/03\/25\/vereador-jorge-quintino-anuncia-audiencia-publica-sobre-pessoas-com-autismo-na-camara-dos-vereadores\/","title":{"rendered":"Vereador Jorge Quintino anuncia Audi\u00eancia P\u00fablica sobre Pessoas com Autismo na C\u00e2mara dos Vereadores"},"content":{"rendered":"<p><span style=\"font-size: revert;\">O compromisso incans\u00e1vel do Vereador Jorge Quintino com a causa dos direitos das pessoas com autismo continua a ser evidenciado com sua mais recente iniciativa: uma audi\u00eancia p\u00fablica marcada para o dia 1\u00b0 de abril, \u00e0s 09h, na C\u00e2mara dos Vereadores.<\/span><\/p>\n<p>Com um hist\u00f3rico de v\u00e1rias audi\u00eancias p\u00fablicas sobre este tema, o Vereador Jorge Quintino reitera o compromisso de promover discuss\u00f5es significativas e a\u00e7\u00f5es concretas em prol da comunidade autista. Esta pr\u00f3xima audi\u00eancia p\u00fablica, que \u00e9 uma continua\u00e7\u00e3o de seu trabalho anterior, destaca-se como uma das pautas centrais de seu mandato.<\/p>\n<p>Ao longo de sua trajet\u00f3ria pol\u00edtica, o Vereador Jorge Quintino tem sido uma voz proeminente na defesa dos direitos dos autistas na C\u00e2mara dos Vereadores. Sua dedica\u00e7\u00e3o incans\u00e1vel tem sido fundamental para sensibilizar a comunidade e os \u00f3rg\u00e3os governamentais sobre as necessidades e desafios enfrentados por aqueles que vivem com autismo.<\/p>\n<p>A audi\u00eancia p\u00fablica proposta pelo Vereador Jorge Quintino servir\u00e1 como um f\u00f3rum aberto e inclusivo para reunir especialistas, representantes da comunidade, fam\u00edlias e autoridades governamentais. O objetivo \u00e9 discutir quest\u00f5es urgentes, compartilhar perspectivas e colaborar na formula\u00e7\u00e3o de pol\u00edticas e programas que promovam a inclus\u00e3o e o bem-estar das pessoas com autismo em nossa cidade.<\/p>\n<p>Como defensor destacado dos direitos dos autistas, o Vereador Jorge Quintino est\u00e1 empenhado em garantir que suas vozes sejam ouvidas e suas necessidades atendidas. Sua lideran\u00e7a vision\u00e1ria e sua paix\u00e3o pela justi\u00e7a social t\u00eam sido catalisadoras de mudan\u00e7as positivas em nossa comunidade.<\/p>\n<p>Todos s\u00e3o convidados a participar desta audi\u00eancia p\u00fablica e contribuir para uma discuss\u00e3o significativa e construtiva sobre as quest\u00f5es que afetam as pessoas com autismo e suas fam\u00edlias. Juntos, podemos trabalhar para criar uma sociedade mais inclusiva e solid\u00e1ria para todos.<\/p>\n<p>Foto: Divulga\u00e7\u00e3o<\/p>\n<p>Seja seguidor do Instagram do Blog @blogdoedvaldomagalhaes<\/p>\n","protected":false},"excerpt":{"rendered":"<p>O compromisso incans\u00e1vel do Vereador Jorge Quintino com a causa dos direitos das pessoas com autismo continua a ser evidenciado&hellip;<\/p>\n","protected":false},"author":1,"featured_media":106762,"comment_status":"closed","ping_status":"open","sticky":false,"template":"","format":"standard","meta":{"footnotes":""},"categories":[14122],"tags":[29440,2,28801,3406,20295,30081],"class_list":["post-106761","post","type-post","status-publish","format-standard","has-post-thumbnail","hentry","category-politica","tag-blog-com-mais-visualizacao","tag-blog-do-edvaldo-magalhaes","tag-blog-mais-acessado","tag-caruaru","tag-politica-2","tag-vereador-jorge-quintino-anuncia-audiencia-publica-sobre-pessoas-com-autismo-na-camara-dos-vereadores"],"_links":{"self":[{"href":"https:\/\/blogdoedvaldomagalhaes.com.br\/index.php\/wp-json\/wp\/v2\/posts\/106761","targetHints":{"allow":["GET"]}}],"collection":[{"href":"https:\/\/blogdoedvaldomagalhaes.com.br\/index.php\/wp-json\/wp\/v2\/posts"}],"about":[{"href":"https:\/\/blogdoedvaldomagalhaes.com.br\/index.php\/wp-json\/wp\/v2\/types\/post"}],"author":[{"embeddable":true,"href":"https:\/\/blogdoedvaldomagalhaes.com.br\/index.php\/wp-json\/wp\/v2\/users\/1"}],"replies":[{"embeddable":true,"href":"https:\/\/blogdoedvaldomagalhaes.com.br\/index.php\/wp-json\/wp\/v2\/comments?post=106761"}],"version-history":[{"count":1,"href":"https:\/\/blogdoedvaldomagalhaes.com.br\/index.php\/wp-json\/wp\/v2\/posts\/106761\/revisions"}],"predecessor-version":[{"id":106763,"href":"https:\/\/blogdoedvaldomagalhaes.com.br\/index.php\/wp-json\/wp\/v2\/posts\/106761\/revisions\/106763"}],"wp:featuredmedia":[{"embeddable":true,"href":"https:\/\/blogdoedvaldomagalhaes.com.br\/index.php\/wp-json\/wp\/v2\/media\/106762"}],"wp:attachment":[{"href":"https:\/\/blogdoedvaldomagalhaes.com.br\/index.php\/wp-json\/wp\/v2\/media?parent=106761"}],"wp:term":[{"taxonomy":"category","embeddable":true,"href":"https:\/\/blogdoedvaldomagalhaes.com.br\/index.php\/wp-json\/wp\/v2\/categories?post=106761"},{"taxonomy":"post_tag","embeddable":true,"href":"https:\/\/blogdoedvaldomagalhaes.com.br\/index.php\/wp-json\/wp\/v2\/tags?post=106761"}],"curies":[{"name":"wp","href":"https:\/\/api.w.org\/{rel}","templated":true}]}}